{"id":2068,"date":"2020-09-14T23:43:21","date_gmt":"2020-09-14T21:43:21","guid":{"rendered":"https:\/\/agora.xtec.cat\/ieslajonquera\/?p=2068"},"modified":"2020-10-07T14:19:14","modified_gmt":"2020-10-07T12:19:14","slug":"comunicat-dels-representants-dels-estudiants","status":"publish","type":"post","link":"https:\/\/agora.xtec.cat\/ieslajonquera\/general\/comunicat-dels-representants-dels-estudiants\/","title":{"rendered":"Comunicat dels representants dels estudiants"},"content":{"rendered":"<p dir=\"auto\" style=\"text-align: justify;\">El Sindicat d\u2019Estudiants ha convocat vaga general els dies 16, 17 i 18 de setembre a favor d\u2019una educaci\u00f3 p\u00fablica, presencial i de qualitat. Com a membres del consell escolar, hem decidit que aquesta vaga no es convocar\u00e0 al nostre institut pels seg\u00fcents motius. Pensem que no es pot demanar presencialitat convocant tres dies de vaga i manifestaci\u00f3 en els quals l\u2019alumnat no assistir\u00e0 a classe. A causa de la situaci\u00f3 de la pand\u00e8mia actual de la COVID-19, creiem que, tot i que les manifestacions convocades puguin complir totes les mesures de seguretat, \u00e9s millor reduir i evitar possibles aglomeracions. Un altre motiu pel qual hem decidit no convocar la vaga \u00e9s perqu\u00e8 creiem que hi ha moltes maneres de manifestar-se que no necess\u00e0riament necessiten una vaga, com per exemple escriure articles als diaris o, fins i tot, contactar amb altres sindicats per elaborar comunicats.<\/p>\n<p dir=\"auto\" style=\"text-align: justify;\">En representaci\u00f3 de l\u2019alumnat de l\u2019institut, hem cregut que \u00e9s millor procurar per la salut dels alumnes i un cop comen\u00e7at el per\u00edode escolar buscar o proposar maneres de reivindicar els nostres drets i, un cop superada la situaci\u00f3 actual, tornar a sortir al carrer per protestar de manera que no es posi en risc la nostra salut.<\/p>\n<p dir=\"auto\" style=\"text-align: justify;\">Tenim clar que hi haur\u00e0 gent que estar\u00e0 en total desacord amb nosaltres i gent que recolzar\u00e0 la nostra resposta a la convocat\u00f2ria d\u2019aquesta vaga per\u00f2 creiem que ara per ara \u00e9s el millor que podem fer.<\/p>\n<p dir=\"auto\" style=\"text-align: justify;\">Marina Pallarols i Ilias Zegaf<\/p>\n","protected":false},"excerpt":{"rendered":"<p>El Sindicat d\u2019Estudiants ha convocat vaga general els dies 16, 17 i 18 de setembre a favor d\u2019una educaci\u00f3 p\u00fablica, presencial i de qualitat. Com a membres del consell escolar, hem decidit que aquesta vaga no es convocar\u00e0 al nostre institut pels seg\u00fcents motius. Pensem&hellip;  <a href=\"https:\/\/agora.xtec.cat\/ieslajonquera\/general\/comunicat-dels-representants-dels-estudiants\/\" title=\"Read Comunicat dels representants dels estudiants\">Llegeix m\u00e9s\u00bb<\/a><\/p>\n","protected":false},"author":3,"featured_media":0,"comment_status":"open","ping_status":"closed","sticky":false,"template":"","format":"standard","meta":{"_bbp_topic_count":0,"_bbp_reply_count":0,"_bbp_total_topic_count":0,"_bbp_total_reply_count":0,"_bbp_voice_count":0,"_bbp_anonymous_reply_count":0,"_bbp_topic_count_hidden":0,"_bbp_reply_count_hidden":0,"_bbp_forum_subforum_count":0,"footnotes":""},"categories":[1],"tags":[],"class_list":["post-2068","post","type-post","status-publish","format-standard","hentry","category-general"],"post_mailing_queue_ids":[],"_links":{"self":[{"href":"https:\/\/agora.xtec.cat\/ieslajonquera\/wp-json\/wp\/v2\/posts\/2068","targetHints":{"allow":["GET"]}}],"collection":[{"href":"https:\/\/agora.xtec.cat\/ieslajonquera\/wp-json\/wp\/v2\/posts"}],"about":[{"href":"https:\/\/agora.xtec.cat\/ieslajonquera\/wp-json\/wp\/v2\/types\/post"}],"author":[{"embeddable":true,"href":"https:\/\/agora.xtec.cat\/ieslajonquera\/wp-json\/wp\/v2\/users\/3"}],"replies":[{"embeddable":true,"href":"https:\/\/agora.xtec.cat\/ieslajonquera\/wp-json\/wp\/v2\/comments?post=2068"}],"version-history":[{"count":2,"href":"https:\/\/agora.xtec.cat\/ieslajonquera\/wp-json\/wp\/v2\/posts\/2068\/revisions"}],"predecessor-version":[{"id":2075,"href":"https:\/\/agora.xtec.cat\/ieslajonquera\/wp-json\/wp\/v2\/posts\/2068\/revisions\/2075"}],"wp:attachment":[{"href":"https:\/\/agora.xtec.cat\/ieslajonquera\/wp-json\/wp\/v2\/media?parent=2068"}],"wp:term":[{"taxonomy":"category","embeddable":true,"href":"https:\/\/agora.xtec.cat\/ieslajonquera\/wp-json\/wp\/v2\/categories?post=2068"},{"taxonomy":"post_tag","embeddable":true,"href":"https:\/\/agora.xtec.cat\/ieslajonquera\/wp-json\/wp\/v2\/tags?post=2068"}],"curies":[{"name":"wp","href":"https:\/\/api.w.org\/{rel}","templated":true}]}}