{"id":2054,"date":"2020-09-07T22:12:09","date_gmt":"2020-09-07T20:12:09","guid":{"rendered":"https:\/\/agora.xtec.cat\/ieslajonquera\/?p=2054"},"modified":"2020-09-08T16:36:12","modified_gmt":"2020-09-08T14:36:12","slug":"inici-de-les-classes-2020-2021","status":"publish","type":"post","link":"https:\/\/agora.xtec.cat\/ieslajonquera\/general\/inici-de-les-classes-2020-2021\/","title":{"rendered":"Inici de les classes 2020-2021"},"content":{"rendered":"<p style=\"text-align: justify;\"><a href=\"https:\/\/agora.xtec.cat\/ieslajonquera\/wp-content\/uploads\/usu2014\/2020\/09\/Turu.jpg\"><img loading=\"lazy\" decoding=\"async\" class=\"aligncenter size-medium wp-image-2062\" src=\"https:\/\/agora.xtec.cat\/ieslajonquera\/wp-content\/uploads\/usu2014\/2020\/09\/Turu-300x300.jpg\" alt=\"\" width=\"300\" height=\"300\" srcset=\"https:\/\/agora.xtec.cat\/ieslajonquera\/wp-content\/uploads\/usu2014\/2020\/09\/Turu-300x300.jpg 300w, https:\/\/agora.xtec.cat\/ieslajonquera\/wp-content\/uploads\/usu2014\/2020\/09\/Turu-150x150.jpg 150w, https:\/\/agora.xtec.cat\/ieslajonquera\/wp-content\/uploads\/usu2014\/2020\/09\/Turu.jpg 640w\" sizes=\"auto, (max-width: 300px) 100vw, 300px\" \/><\/a>Benvolgudes fam\u00edlies,<\/p>\n<p style=\"text-align: justify;\">El proper\u00a0<strong>dilluns 14 de setembre<\/strong> comencen un nou curs amb la m\u00e0xima normalitat possible malgrat la situaci\u00f3 sanit\u00e0ria actual. Les classes d\u2019aquest <strong>primer dia<\/strong> estaran dividides en dos blocs segons els diferents nivells, l\u2019horari \u00e9s el seg\u00fcent:<\/p>\n<p style=\"text-align: justify;\"><strong>ESO 1r\u00a0 \u00a0 \u00a0 \u00a0 \u00a0 d&#8217;11.30 h a 14.30 h (entrada per la porta lateral del pati)<\/strong><\/p>\n<p style=\"text-align: justify;\"><strong>ESO 2n\u00a0 \u00a0 \u00a0 \u00a0 d&#8217;11.30 h a 14.30 h (entrada per la porta lateral de cotxes)<\/strong><\/p>\n<p style=\"text-align: justify;\"><strong>ESO 3r\u00a0 \u00a0 \u00a0 \u00a0 \u00a0de 8.10 h a 11.05 h (entrada per la porta lateral de cotxes)<\/strong><\/p>\n<p style=\"text-align: justify;\"><strong>ESO 4t\u00a0 \u00a0 \u00a0 \u00a0de 8.10 h<\/strong><strong> a 11.05 h (entrada per la porta principal)<\/strong><\/p>\n<p style=\"text-align: justify;\"><strong>Batxillerat 1r\u00a0 de 8.10 h a 11.05 h (entrada per la porta lateral de cotxes)<\/strong><\/p>\n<p style=\"text-align: justify;\"><strong>Batxillerat 2n\u00a0 \u00a0\u00a0 d&#8217;11.30 h a 14.30 h (entrada per la porteta al costat de la principal)<\/strong><\/p>\n<p style=\"text-align: justify;\">En aquesta primera tutoria es donar\u00e0 l\u2019horari del grup, s\u2019explicaran les mesures establertes per evitar els brots de la Covid-19, l\u2019organitzaci\u00f3 de les entrades i sortides, les normes b\u00e0siques de conviv\u00e8ncia, etc.<\/p>\n<p style=\"text-align: justify;\"><strong>Important:<\/strong> \u00e9s obligatori l&#8217;\u00fas de mascareta (es recomana portar-ne una de recanvi sempre).<\/p>\n<p style=\"text-align: justify;\">A partir del dia 15 l&#8217;horari ser\u00e0 l&#8217;habitual: de 8.10 h a 14.30 h amb una pausa de 30 minuts entre 11.05 h i 11.35 h.<\/p>\n<p>Junts ho aconseguirem!!<\/p>\n","protected":false},"excerpt":{"rendered":"<p><a href=\"https:\/\/agora.xtec.cat\/ieslajonquera\/wp-content\/uploads\/usu2014\/2020\/09\/Turu.jpg\"><\/a>Benvolgudes fam\u00edlies,<br \/>\nEl proper\u00a0dilluns 14 de setembre comencen un nou curs amb la m\u00e0xima normalitat possible malgrat la situaci\u00f3 sanit\u00e0ria actual. Les classes d\u2019aquest primer dia estaran dividides en dos blocs segons els diferents nivells, l\u2019horari \u00e9s el seg\u00fcent:<br \/>\nESO 1r\u00a0 \u00a0 \u00a0 \u00a0 \u00a0 d&#8217;11.30&hellip;  <a href=\"https:\/\/agora.xtec.cat\/ieslajonquera\/general\/inici-de-les-classes-2020-2021\/\" title=\"Read Inici de les classes 2020-2021\">Llegeix m\u00e9s\u00bb<\/a><\/p>\n","protected":false},"author":3,"featured_media":2062,"comment_status":"open","ping_status":"closed","sticky":false,"template":"","format":"standard","meta":{"_bbp_topic_count":0,"_bbp_reply_count":0,"_bbp_total_topic_count":0,"_bbp_total_reply_count":0,"_bbp_voice_count":0,"_bbp_anonymous_reply_count":0,"_bbp_topic_count_hidden":0,"_bbp_reply_count_hidden":0,"_bbp_forum_subforum_count":0,"footnotes":""},"categories":[1],"tags":[],"class_list":["post-2054","post","type-post","status-publish","format-standard","has-post-thumbnail","hentry","category-general"],"post_mailing_queue_ids":[],"_links":{"self":[{"href":"https:\/\/agora.xtec.cat\/ieslajonquera\/wp-json\/wp\/v2\/posts\/2054","targetHints":{"allow":["GET"]}}],"collection":[{"href":"https:\/\/agora.xtec.cat\/ieslajonquera\/wp-json\/wp\/v2\/posts"}],"about":[{"href":"https:\/\/agora.xtec.cat\/ieslajonquera\/wp-json\/wp\/v2\/types\/post"}],"author":[{"embeddable":true,"href":"https:\/\/agora.xtec.cat\/ieslajonquera\/wp-json\/wp\/v2\/users\/3"}],"replies":[{"embeddable":true,"href":"https:\/\/agora.xtec.cat\/ieslajonquera\/wp-json\/wp\/v2\/comments?post=2054"}],"version-history":[{"count":4,"href":"https:\/\/agora.xtec.cat\/ieslajonquera\/wp-json\/wp\/v2\/posts\/2054\/revisions"}],"predecessor-version":[{"id":2066,"href":"https:\/\/agora.xtec.cat\/ieslajonquera\/wp-json\/wp\/v2\/posts\/2054\/revisions\/2066"}],"wp:featuredmedia":[{"embeddable":true,"href":"https:\/\/agora.xtec.cat\/ieslajonquera\/wp-json\/wp\/v2\/media\/2062"}],"wp:attachment":[{"href":"https:\/\/agora.xtec.cat\/ieslajonquera\/wp-json\/wp\/v2\/media?parent=2054"}],"wp:term":[{"taxonomy":"category","embeddable":true,"href":"https:\/\/agora.xtec.cat\/ieslajonquera\/wp-json\/wp\/v2\/categories?post=2054"},{"taxonomy":"post_tag","embeddable":true,"href":"https:\/\/agora.xtec.cat\/ieslajonquera\/wp-json\/wp\/v2\/tags?post=2054"}],"curies":[{"name":"wp","href":"https:\/\/api.w.org\/{rel}","templated":true}]}}