{"id":2022,"date":"2020-07-31T13:25:15","date_gmt":"2020-07-31T11:25:15","guid":{"rendered":"https:\/\/agora.xtec.cat\/ieslajonquera\/?p=2022"},"modified":"2020-09-04T11:11:22","modified_gmt":"2020-09-04T09:11:22","slug":"recuperacions-de-1r-de-bat","status":"publish","type":"post","link":"https:\/\/agora.xtec.cat\/ieslajonquera\/general\/recuperacions-de-1r-de-bat\/","title":{"rendered":"Recuperacions de 1r de BAT"},"content":{"rendered":"<p><a href=\"https:\/\/agora.xtec.cat\/ieslajonquera\/wp-content\/uploads\/usu2014\/2019\/07\/imatge-calendari-final-curs-01-e1564048555317.png\"><img loading=\"lazy\" decoding=\"async\" class=\"alignleft size-full wp-image-1017\" src=\"https:\/\/agora.xtec.cat\/ieslajonquera\/wp-content\/uploads\/usu2014\/2019\/07\/imatge-calendari-final-curs-01-e1564048555317.png\" alt=\"\" width=\"100\" height=\"100\" \/><\/a><\/p>\n<p>Podeu consultar la informaci\u00f3 sobre les recuperacions de setembre de 1r de BAT a l&#8217;apartat <a href=\"https:\/\/agora.xtec.cat\/ieslajonquera\/estudis\/recuperacions\/\" target=\"_blank\" rel=\"noopener noreferrer\">Recuperacions<\/a> del men\u00fa del web.<\/p>\n<p>En el mateix enlla\u00e7 anterior, podeu consultar l&#8217;horari de les recuperacions dels dies 2 i 3 de setembre segons la mat\u00e8ria a recuperar.<\/p>\n<p>&nbsp;<\/p>\n<p><span style=\"color: #ff0000;\"><strong>ACTUALITZAT !\u00a0 <a href=\"https:\/\/agora.xtec.cat\/ieslajonquera\/wp-content\/uploads\/usu2014\/2020\/03\/Alerta.jpg\"><img loading=\"lazy\" decoding=\"async\" class=\"alignleft wp-image-1694\" src=\"https:\/\/agora.xtec.cat\/ieslajonquera\/wp-content\/uploads\/usu2014\/2020\/03\/Alerta.jpg\" alt=\"\" width=\"114\" height=\"114\" srcset=\"https:\/\/agora.xtec.cat\/ieslajonquera\/wp-content\/uploads\/usu2014\/2020\/03\/Alerta.jpg 450w, https:\/\/agora.xtec.cat\/ieslajonquera\/wp-content\/uploads\/usu2014\/2020\/03\/Alerta-150x150.jpg 150w, https:\/\/agora.xtec.cat\/ieslajonquera\/wp-content\/uploads\/usu2014\/2020\/03\/Alerta-300x300.jpg 300w\" sizes=\"auto, (max-width: 114px) 100vw, 114px\" \/><\/a><\/strong><\/span><\/p>\n<p>Els butlletins de qualificacions de les mat\u00e8ries pendents les podeu venir a buscar el <strong>dilluns, 7 de setembre, a partir de les 9 del mat\u00ed a la sala polivalent<\/strong>. Caldr\u00e0 mascareta, mantenir la dist\u00e0ncia de seguretat (tamb\u00e9 si s&#8217;ha d&#8217;esperar per entrar) i rentar-se les mans amb gel hidroalcoh\u00f2lic abans d&#8217;entrar.<\/p>\n<p>El <strong>per\u00edode de reclamacions<\/strong> s\u00f3n el <strong>7 i 9 de setembre de 2020<\/strong>.<\/p>\n","protected":false},"excerpt":{"rendered":"<p><a href=\"https:\/\/agora.xtec.cat\/ieslajonquera\/wp-content\/uploads\/usu2014\/2019\/07\/imatge-calendari-final-curs-01-e1564048555317.png\"><\/a><br \/>\nPodeu consultar la informaci\u00f3 sobre les recuperacions de setembre de 1r de BAT a l&#8217;apartat <a href=\"https:\/\/agora.xtec.cat\/ieslajonquera\/estudis\/recuperacions\/\" target=\"_blank\" rel=\"noopener noreferrer\">Recuperacions<\/a> del men\u00fa del web.<br \/>\nEn el mateix enlla\u00e7 anterior, podeu consultar l&#8217;horari de les recuperacions dels dies 2 i 3 de setembre segons la mat\u00e8ria&hellip;  <a href=\"https:\/\/agora.xtec.cat\/ieslajonquera\/general\/recuperacions-de-1r-de-bat\/\" title=\"Read Recuperacions de 1r de BAT\">Llegeix m\u00e9s\u00bb<\/a><\/p>\n","protected":false},"author":1,"featured_media":0,"comment_status":"open","ping_status":"closed","sticky":false,"template":"","format":"standard","meta":{"_bbp_topic_count":0,"_bbp_reply_count":0,"_bbp_total_topic_count":0,"_bbp_total_reply_count":0,"_bbp_voice_count":0,"_bbp_anonymous_reply_count":0,"_bbp_topic_count_hidden":0,"_bbp_reply_count_hidden":0,"_bbp_forum_subforum_count":0,"footnotes":""},"categories":[8,1],"tags":[],"class_list":["post-2022","post","type-post","status-publish","format-standard","hentry","category-batxillerat","category-general"],"post_mailing_queue_ids":[],"_links":{"self":[{"href":"https:\/\/agora.xtec.cat\/ieslajonquera\/wp-json\/wp\/v2\/posts\/2022","targetHints":{"allow":["GET"]}}],"collection":[{"href":"https:\/\/agora.xtec.cat\/ieslajonquera\/wp-json\/wp\/v2\/posts"}],"about":[{"href":"https:\/\/agora.xtec.cat\/ieslajonquera\/wp-json\/wp\/v2\/types\/post"}],"author":[{"embeddable":true,"href":"https:\/\/agora.xtec.cat\/ieslajonquera\/wp-json\/wp\/v2\/users\/1"}],"replies":[{"embeddable":true,"href":"https:\/\/agora.xtec.cat\/ieslajonquera\/wp-json\/wp\/v2\/comments?post=2022"}],"version-history":[{"count":3,"href":"https:\/\/agora.xtec.cat\/ieslajonquera\/wp-json\/wp\/v2\/posts\/2022\/revisions"}],"predecessor-version":[{"id":2034,"href":"https:\/\/agora.xtec.cat\/ieslajonquera\/wp-json\/wp\/v2\/posts\/2022\/revisions\/2034"}],"wp:attachment":[{"href":"https:\/\/agora.xtec.cat\/ieslajonquera\/wp-json\/wp\/v2\/media?parent=2022"}],"wp:term":[{"taxonomy":"category","embeddable":true,"href":"https:\/\/agora.xtec.cat\/ieslajonquera\/wp-json\/wp\/v2\/categories?post=2022"},{"taxonomy":"post_tag","embeddable":true,"href":"https:\/\/agora.xtec.cat\/ieslajonquera\/wp-json\/wp\/v2\/tags?post=2022"}],"curies":[{"name":"wp","href":"https:\/\/api.w.org\/{rel}","templated":true}]}}