{"id":1950,"date":"2020-06-29T08:10:23","date_gmt":"2020-06-29T06:10:23","guid":{"rendered":"https:\/\/agora.xtec.cat\/ieslajonquera\/?p=1950"},"modified":"2020-06-29T12:04:00","modified_gmt":"2020-06-29T10:04:00","slug":"bon-estiu","status":"publish","type":"post","link":"https:\/\/agora.xtec.cat\/ieslajonquera\/general\/bon-estiu\/","title":{"rendered":"Bon estiu!"},"content":{"rendered":"<p style=\"text-align: justify;\"><a href=\"https:\/\/agora.xtec.cat\/ieslajonquera\/wp-content\/uploads\/usu2014\/2020\/06\/bon-estiu.jpg\"><img loading=\"lazy\" decoding=\"async\" class=\" wp-image-1951 alignleft\" src=\"https:\/\/agora.xtec.cat\/ieslajonquera\/wp-content\/uploads\/usu2014\/2020\/06\/bon-estiu-212x300.jpg\" alt=\"\" width=\"242\" height=\"342\" srcset=\"https:\/\/agora.xtec.cat\/ieslajonquera\/wp-content\/uploads\/usu2014\/2020\/06\/bon-estiu-212x300.jpg 212w, https:\/\/agora.xtec.cat\/ieslajonquera\/wp-content\/uploads\/usu2014\/2020\/06\/bon-estiu-768x1086.jpg 768w, https:\/\/agora.xtec.cat\/ieslajonquera\/wp-content\/uploads\/usu2014\/2020\/06\/bon-estiu-724x1024.jpg 724w, https:\/\/agora.xtec.cat\/ieslajonquera\/wp-content\/uploads\/usu2014\/2020\/06\/bon-estiu.jpg 1587w\" sizes=\"auto, (max-width: 242px) 100vw, 242px\" \/><\/a>Desitgem que passeu un bon estiu i que gaudiu, entre altres coses, de la lectura dels tres treballs literaris dels alumnes del centre premiats al llarg d&#8217;aquest curs. Esperem que us agradin!<\/p>\n<p style=\"text-align: justify;\">-Tomeu Beltran (1r B): <a href=\"https:\/\/drive.google.com\/file\/d\/1Y3jI_MT7pGWJewns-ipaKSoodsnAnosa\/view?usp=sharing\">Avui no \u00e9s el dia, millor dem\u00e0 <\/a><\/p>\n<p style=\"text-align: justify;\">Guanyador del 1r ConcurTs JOVE en la categoria primer cicle de l&#8217;ESO (El Biblionauta)<\/p>\n<p style=\"text-align: justify;\">-Tomeu Beltran (1r B): <a href=\"https:\/\/drive.google.com\/file\/d\/1PxfnXHiN2aFYxw1Q1vOrhdr9wtXSby8m\/view?usp=sharing\">Hist\u00f2ries de l&#8217;avi Narc\u00eds<\/a><\/p>\n<p style=\"text-align: justify;\">Guanyador del 41\u00e8 concurs de treballs literaris, socials i cient\u00edfics per a la joventut de l&#8217;Alt Empord\u00e0 en la categoria conte &#8211; 1r d&#8217;ESO (\u00d2mnium Cultural)<\/p>\n<p style=\"text-align: justify;\">-Miquel Puigbert (2n A): <a href=\"https:\/\/drive.google.com\/file\/d\/1RaWF31TUmNYYOLBn-gG9zq95oJZQFYta\/view?usp=sharing\">La defensa del monestir<\/a><\/p>\n<p style=\"text-align: justify;\">Guanyador del VII Concurs Aix\u00f2 Pinta B\u00e9 en la categoria d&#8217;ESO i Batxillerat (Diputaci\u00f3 de Girona)<\/p>\n","protected":false},"excerpt":{"rendered":"<p><a href=\"https:\/\/agora.xtec.cat\/ieslajonquera\/wp-content\/uploads\/usu2014\/2020\/06\/bon-estiu.jpg\"><\/a>Desitgem que passeu un bon estiu i que gaudiu, entre altres coses, de la lectura dels tres treballs literaris dels alumnes del centre premiats al llarg d&#8217;aquest curs. Esperem que us agradin!<br \/>\n-Tomeu Beltran (1r B): <a href=\"https:\/\/drive.google.com\/file\/d\/1Y3jI_MT7pGWJewns-ipaKSoodsnAnosa\/view?usp=sharing\">Avui no \u00e9s el dia, millor dem\u00e0 <\/a><br \/>\nGuanyador&hellip;  <a href=\"https:\/\/agora.xtec.cat\/ieslajonquera\/general\/bon-estiu\/\" title=\"Read Bon estiu!\">Llegeix m\u00e9s\u00bb<\/a><\/p>\n","protected":false},"author":3,"featured_media":1951,"comment_status":"open","ping_status":"closed","sticky":false,"template":"","format":"standard","meta":{"_bbp_topic_count":0,"_bbp_reply_count":0,"_bbp_total_topic_count":0,"_bbp_total_reply_count":0,"_bbp_voice_count":0,"_bbp_anonymous_reply_count":0,"_bbp_topic_count_hidden":0,"_bbp_reply_count_hidden":0,"_bbp_forum_subforum_count":0,"footnotes":""},"categories":[4,5,3,1],"tags":[106,57,124],"class_list":["post-1950","post","type-post","status-publish","format-standard","has-post-thumbnail","hentry","category-eso-1","category-eso-2","category-eso","category-general","tag-concurs","tag-expressio-escrita","tag-literatura"],"post_mailing_queue_ids":[],"_links":{"self":[{"href":"https:\/\/agora.xtec.cat\/ieslajonquera\/wp-json\/wp\/v2\/posts\/1950","targetHints":{"allow":["GET"]}}],"collection":[{"href":"https:\/\/agora.xtec.cat\/ieslajonquera\/wp-json\/wp\/v2\/posts"}],"about":[{"href":"https:\/\/agora.xtec.cat\/ieslajonquera\/wp-json\/wp\/v2\/types\/post"}],"author":[{"embeddable":true,"href":"https:\/\/agora.xtec.cat\/ieslajonquera\/wp-json\/wp\/v2\/users\/3"}],"replies":[{"embeddable":true,"href":"https:\/\/agora.xtec.cat\/ieslajonquera\/wp-json\/wp\/v2\/comments?post=1950"}],"version-history":[{"count":1,"href":"https:\/\/agora.xtec.cat\/ieslajonquera\/wp-json\/wp\/v2\/posts\/1950\/revisions"}],"predecessor-version":[{"id":1952,"href":"https:\/\/agora.xtec.cat\/ieslajonquera\/wp-json\/wp\/v2\/posts\/1950\/revisions\/1952"}],"wp:featuredmedia":[{"embeddable":true,"href":"https:\/\/agora.xtec.cat\/ieslajonquera\/wp-json\/wp\/v2\/media\/1951"}],"wp:attachment":[{"href":"https:\/\/agora.xtec.cat\/ieslajonquera\/wp-json\/wp\/v2\/media?parent=1950"}],"wp:term":[{"taxonomy":"category","embeddable":true,"href":"https:\/\/agora.xtec.cat\/ieslajonquera\/wp-json\/wp\/v2\/categories?post=1950"},{"taxonomy":"post_tag","embeddable":true,"href":"https:\/\/agora.xtec.cat\/ieslajonquera\/wp-json\/wp\/v2\/tags?post=1950"}],"curies":[{"name":"wp","href":"https:\/\/api.w.org\/{rel}","templated":true}]}}