{"id":1920,"date":"2020-05-30T22:47:50","date_gmt":"2020-05-30T20:47:50","guid":{"rendered":"https:\/\/agora.xtec.cat\/ieslajonquera\/?p=1920"},"modified":"2020-05-30T22:49:42","modified_gmt":"2020-05-30T20:49:42","slug":"concurs-a-la-vista","status":"publish","type":"post","link":"https:\/\/agora.xtec.cat\/ieslajonquera\/general\/concurs-a-la-vista\/","title":{"rendered":"Dissenya la carpeta commemorativa del 25\u00e8 aniversari de l&#8217;institut!"},"content":{"rendered":"<p style=\"text-align: justify;\"><a href=\"https:\/\/agora.xtec.cat\/ieslajonquera\/wp-content\/uploads\/usu2014\/2020\/05\/Concurs-e1590871257631.jpg\"><img loading=\"lazy\" decoding=\"async\" class=\"aligncenter wp-image-1921\" src=\"https:\/\/agora.xtec.cat\/ieslajonquera\/wp-content\/uploads\/usu2014\/2020\/05\/Concurs-e1590871257631.jpg\" alt=\"\" width=\"438\" height=\"93\" \/><\/a>El proper curs, <strong>l&#8217;institut far\u00e0 25 anys<\/strong> i, per celebrar-ho hem decidit fer una carpeta commemorativa.<\/p>\n<p style=\"text-align: justify;\">Convoquem un concurs, adre\u00e7at a alumnes, ex alumnes i professors, en qu\u00e8 podeu fer-ne el disseny. L&#8217;\u00fanica condici\u00f3 \u00e9s que hi aparegui el logo del centre.<\/p>\n<p>Podeu consultar les <a href=\"https:\/\/docs.google.com\/document\/d\/1Mq1EeyaNTPNVkroWBW9o4JtEJUsvnro843LihPU9qG4\/edit?usp=sharing\">bases del concurs<\/a>, la <a href=\"https:\/\/drive.google.com\/file\/d\/1Le8qltcDGzdwebDKmOi4MTBo2MD2i_Ow\/view?usp=sharing\">plantilla<\/a> i el <a href=\"https:\/\/drive.google.com\/file\/d\/1kPlw5pEataD_TtTB2fHGevrRsBxeOmC6\/view?usp=sharing\">logo<\/a>.<\/p>\n<p>Teniu temps fins el <strong>18 de juny<\/strong>.<\/p>\n<p>Animeu-vos-hi!<\/p>\n","protected":false},"excerpt":{"rendered":"<p><a href=\"https:\/\/agora.xtec.cat\/ieslajonquera\/wp-content\/uploads\/usu2014\/2020\/05\/Concurs-e1590871257631.jpg\"><\/a>El proper curs, l&#8217;institut far\u00e0 25 anys i, per celebrar-ho hem decidit fer una carpeta commemorativa.<br \/>\nConvoquem un concurs, adre\u00e7at a alumnes, ex alumnes i professors, en qu\u00e8 podeu fer-ne el disseny. L&#8217;\u00fanica condici\u00f3 \u00e9s que hi aparegui el logo del centre.<br \/>\nPodeu consultar les <a&hellip;  <a href=\"https:\/\/agora.xtec.cat\/ieslajonquera\/general\/concurs-a-la-vista\/\" title=\"Read Dissenya la carpeta commemorativa del 25\u00e8 aniversari de l&#8217;institut!\">Llegeix m\u00e9s\u00bb<\/a><\/p>\n","protected":false},"author":3,"featured_media":1921,"comment_status":"open","ping_status":"closed","sticky":false,"template":"","format":"standard","meta":{"_bbp_topic_count":0,"_bbp_reply_count":0,"_bbp_total_topic_count":0,"_bbp_total_reply_count":0,"_bbp_voice_count":0,"_bbp_anonymous_reply_count":0,"_bbp_topic_count_hidden":0,"_bbp_reply_count_hidden":0,"_bbp_forum_subforum_count":0,"footnotes":""},"categories":[1],"tags":[106],"class_list":["post-1920","post","type-post","status-publish","format-standard","has-post-thumbnail","hentry","category-general","tag-concurs"],"post_mailing_queue_ids":[],"_links":{"self":[{"href":"https:\/\/agora.xtec.cat\/ieslajonquera\/wp-json\/wp\/v2\/posts\/1920","targetHints":{"allow":["GET"]}}],"collection":[{"href":"https:\/\/agora.xtec.cat\/ieslajonquera\/wp-json\/wp\/v2\/posts"}],"about":[{"href":"https:\/\/agora.xtec.cat\/ieslajonquera\/wp-json\/wp\/v2\/types\/post"}],"author":[{"embeddable":true,"href":"https:\/\/agora.xtec.cat\/ieslajonquera\/wp-json\/wp\/v2\/users\/3"}],"replies":[{"embeddable":true,"href":"https:\/\/agora.xtec.cat\/ieslajonquera\/wp-json\/wp\/v2\/comments?post=1920"}],"version-history":[{"count":2,"href":"https:\/\/agora.xtec.cat\/ieslajonquera\/wp-json\/wp\/v2\/posts\/1920\/revisions"}],"predecessor-version":[{"id":1923,"href":"https:\/\/agora.xtec.cat\/ieslajonquera\/wp-json\/wp\/v2\/posts\/1920\/revisions\/1923"}],"wp:featuredmedia":[{"embeddable":true,"href":"https:\/\/agora.xtec.cat\/ieslajonquera\/wp-json\/wp\/v2\/media\/1921"}],"wp:attachment":[{"href":"https:\/\/agora.xtec.cat\/ieslajonquera\/wp-json\/wp\/v2\/media?parent=1920"}],"wp:term":[{"taxonomy":"category","embeddable":true,"href":"https:\/\/agora.xtec.cat\/ieslajonquera\/wp-json\/wp\/v2\/categories?post=1920"},{"taxonomy":"post_tag","embeddable":true,"href":"https:\/\/agora.xtec.cat\/ieslajonquera\/wp-json\/wp\/v2\/tags?post=1920"}],"curies":[{"name":"wp","href":"https:\/\/api.w.org\/{rel}","templated":true}]}}