{"id":1918,"date":"2020-05-30T20:27:25","date_gmt":"2020-05-30T18:27:25","guid":{"rendered":"https:\/\/agora.xtec.cat\/ieslajonquera\/?p=1918"},"modified":"2020-05-30T22:50:50","modified_gmt":"2020-05-30T20:50:50","slug":"pla-dobertura-de-centre","status":"publish","type":"post","link":"https:\/\/agora.xtec.cat\/ieslajonquera\/general\/pla-dobertura-de-centre\/","title":{"rendered":"Pla d&#8217;obertura de Centre"},"content":{"rendered":"<p>El Departament d\u2019Educaci\u00f3 ha fixat la reobertura dels centres educatius p\u00fablics per al proper 1 de juny sempre que la nostra regi\u00f3 sanit\u00e0ria entri en la Fase 2. En el nostre centre ser\u00e0 efectiu a partir del dimarts 2 de juny, ja que el dilluns \u00e9s festiu local.<\/p>\n<p>Per tal d\u2019establir els termes d\u2019aquesta reobertura, el Departament ha donat instruccions a partir de les quals cada centre ha hagut d\u2019elaborar el seu propi Pla d\u2019Obertura de Centre d\u2019aplicaci\u00f3 per al proper mes de juny. Aquest pla garanteix la salut de tota la comunitat educativa.<\/p>\n<p>Documents:<\/p>\n<p><a href=\"https:\/\/drive.google.com\/file\/d\/1Od-yv7MjGN0TLm8xhpUQK3aLL6DbCmQ9\/view?usp=sharing\">Pla d&#8217;Obertura de Centre<\/a><\/p>\n<p><a href=\"https:\/\/drive.google.com\/open?id=1uw14ArQ718kTTmf1UvMczPEEUodUAuWX\">Declaraci\u00f3 responsable per fam\u00edlies d&#8217;alumnes menors d&#8217;edat<\/a><\/p>\n<p><a href=\"https:\/\/drive.google.com\/open?id=1-7Jz4HJVUKlDCTs5-WN2A6tKlFeDucZE\">Declaraci\u00f3 responsable alumnes majors d&#8217;edat<\/a><\/p>\n","protected":false},"excerpt":{"rendered":"<p>El Departament d\u2019Educaci\u00f3 ha fixat la reobertura dels centres educatius p\u00fablics per al proper 1 de juny sempre que la nostra regi\u00f3 sanit\u00e0ria entri en la Fase 2. En el nostre centre ser\u00e0 efectiu a partir del dimarts 2 de juny, ja que el dilluns&hellip;  <a href=\"https:\/\/agora.xtec.cat\/ieslajonquera\/general\/pla-dobertura-de-centre\/\" title=\"Read Pla d&#8217;obertura de Centre\">Llegeix m\u00e9s\u00bb<\/a><\/p>\n","protected":false},"author":3,"featured_media":0,"comment_status":"open","ping_status":"closed","sticky":false,"template":"","format":"standard","meta":{"_bbp_topic_count":0,"_bbp_reply_count":0,"_bbp_total_topic_count":0,"_bbp_total_reply_count":0,"_bbp_voice_count":0,"_bbp_anonymous_reply_count":0,"_bbp_topic_count_hidden":0,"_bbp_reply_count_hidden":0,"_bbp_forum_subforum_count":0,"footnotes":""},"categories":[1],"tags":[],"class_list":["post-1918","post","type-post","status-publish","format-standard","hentry","category-general"],"post_mailing_queue_ids":[],"_links":{"self":[{"href":"https:\/\/agora.xtec.cat\/ieslajonquera\/wp-json\/wp\/v2\/posts\/1918","targetHints":{"allow":["GET"]}}],"collection":[{"href":"https:\/\/agora.xtec.cat\/ieslajonquera\/wp-json\/wp\/v2\/posts"}],"about":[{"href":"https:\/\/agora.xtec.cat\/ieslajonquera\/wp-json\/wp\/v2\/types\/post"}],"author":[{"embeddable":true,"href":"https:\/\/agora.xtec.cat\/ieslajonquera\/wp-json\/wp\/v2\/users\/3"}],"replies":[{"embeddable":true,"href":"https:\/\/agora.xtec.cat\/ieslajonquera\/wp-json\/wp\/v2\/comments?post=1918"}],"version-history":[{"count":1,"href":"https:\/\/agora.xtec.cat\/ieslajonquera\/wp-json\/wp\/v2\/posts\/1918\/revisions"}],"predecessor-version":[{"id":1919,"href":"https:\/\/agora.xtec.cat\/ieslajonquera\/wp-json\/wp\/v2\/posts\/1918\/revisions\/1919"}],"wp:attachment":[{"href":"https:\/\/agora.xtec.cat\/ieslajonquera\/wp-json\/wp\/v2\/media?parent=1918"}],"wp:term":[{"taxonomy":"category","embeddable":true,"href":"https:\/\/agora.xtec.cat\/ieslajonquera\/wp-json\/wp\/v2\/categories?post=1918"},{"taxonomy":"post_tag","embeddable":true,"href":"https:\/\/agora.xtec.cat\/ieslajonquera\/wp-json\/wp\/v2\/tags?post=1918"}],"curies":[{"name":"wp","href":"https:\/\/api.w.org\/{rel}","templated":true}]}}