{"id":1897,"date":"2020-05-26T22:05:22","date_gmt":"2020-05-26T20:05:22","guid":{"rendered":"https:\/\/agora.xtec.cat\/ieslajonquera\/?p=1897"},"modified":"2020-05-27T01:31:35","modified_gmt":"2020-05-26T23:31:35","slug":"alumnes-premiats","status":"publish","type":"post","link":"https:\/\/agora.xtec.cat\/ieslajonquera\/general\/alumnes-premiats\/","title":{"rendered":"Dos alumnes premiats a dos concursos diferents"},"content":{"rendered":"<p>&nbsp;<\/p>\n<p style=\"text-align: justify;\">Aquests dies estem d&#8217;enhorabona, perqu\u00e8 dos alumnes del primer cicle de l&#8217;ESO han resultat guanyadors a dos concursos diferents de relats:<\/p>\n<p><a href=\"https:\/\/agora.xtec.cat\/ieslajonquera\/wp-content\/uploads\/usu2014\/2020\/05\/banner_concurts3.jpg\"><img loading=\"lazy\" decoding=\"async\" class=\"size-medium wp-image-1906 alignleft\" src=\"https:\/\/agora.xtec.cat\/ieslajonquera\/wp-content\/uploads\/usu2014\/2020\/05\/banner_concurts3-300x174.jpg\" alt=\"\" width=\"300\" height=\"174\" srcset=\"https:\/\/agora.xtec.cat\/ieslajonquera\/wp-content\/uploads\/usu2014\/2020\/05\/banner_concurts3-300x174.jpg 300w, https:\/\/agora.xtec.cat\/ieslajonquera\/wp-content\/uploads\/usu2014\/2020\/05\/banner_concurts3-768x445.jpg 768w, https:\/\/agora.xtec.cat\/ieslajonquera\/wp-content\/uploads\/usu2014\/2020\/05\/banner_concurts3.jpg 1011w\" sizes=\"auto, (max-width: 300px) 100vw, 300px\" \/><\/a><\/p>\n<p style=\"text-align: justify;\">En Tomeu Beltran (1r B) ha estat el guanyador del 1r ConcurTs JOVE del web <a href=\"https:\/\/elbiblionauta.com\/ca\/\">El Bilionauta<\/a> amb el seu microtuit &#8220;Avui no \u00e9s el dia, millor dem\u00e0&#8221; en la categoria 1r i 2n d&#8217;ESO en qu\u00e8 hi han participat 96 alumnes de diferents instituts de l&#8217;Alt Empord\u00e0. Els alumnes de 1r d&#8217;ESO del centre hi han participat des de l&#8217;assignatura de Catal\u00e0.<\/p>\n<p>&nbsp;<\/p>\n<p>&nbsp;<\/p>\n<p style=\"text-align: justify;\">En Miquel Puigbert (2n A) ha guanyat el VII Concurs Aix\u00f2 Pinta B\u00e9 de la Diputaci\u00f3 de Girona en la categoria d&#8217;ESO i Batxillerat amb el seu relat &#8220;La defensa del monestir&#8221;. La presentaci\u00f3 de relats al concurs t\u00e9 a veure amb una activitat organitzada des de l&#8217;assignatura de Socials sobre el Monestir de Sant Pere de Rodes.<\/p>\n<p style=\"text-align: justify;\"><a href=\"https:\/\/agora.xtec.cat\/ieslajonquera\/wp-content\/uploads\/usu2014\/2020\/05\/aixoPintaBe-2017.jpg\"><img loading=\"lazy\" decoding=\"async\" class=\" wp-image-1907 alignleft\" src=\"https:\/\/agora.xtec.cat\/ieslajonquera\/wp-content\/uploads\/usu2014\/2020\/05\/aixoPintaBe-2017.jpg\" alt=\"\" width=\"461\" height=\"164\" \/><\/a><\/p>\n<p style=\"text-align: justify;\">Moltes felicitats a tots dos i a l&#8217;Annabel i en Fabio, els seus professors!<\/p>\n","protected":false},"excerpt":{"rendered":"<p>&nbsp;<br \/>\nAquests dies estem d&#8217;enhorabona, perqu\u00e8 dos alumnes del primer cicle de l&#8217;ESO han resultat guanyadors a dos concursos diferents de relats:<br \/>\n<a href=\"https:\/\/agora.xtec.cat\/ieslajonquera\/wp-content\/uploads\/usu2014\/2020\/05\/banner_concurts3.jpg\"><\/a><br \/>\nEn Tomeu Beltran (1r B) ha estat el guanyador del 1r ConcurTs JOVE del web <a href=\"https:\/\/elbiblionauta.com\/ca\/\">El Bilionauta<\/a> amb el seu microtuit &#8220;Avui no&hellip;  <a href=\"https:\/\/agora.xtec.cat\/ieslajonquera\/general\/alumnes-premiats\/\" title=\"Read Dos alumnes premiats a dos concursos diferents\">Llegeix m\u00e9s\u00bb<\/a><\/p>\n","protected":false},"author":3,"featured_media":1905,"comment_status":"open","ping_status":"closed","sticky":false,"template":"","format":"standard","meta":{"_bbp_topic_count":0,"_bbp_reply_count":0,"_bbp_total_topic_count":0,"_bbp_total_reply_count":0,"_bbp_voice_count":0,"_bbp_anonymous_reply_count":0,"_bbp_topic_count_hidden":0,"_bbp_reply_count_hidden":0,"_bbp_forum_subforum_count":0,"footnotes":""},"categories":[4,5,3,1],"tags":[106,57,124],"class_list":["post-1897","post","type-post","status-publish","format-standard","has-post-thumbnail","hentry","category-eso-1","category-eso-2","category-eso","category-general","tag-concurs","tag-expressio-escrita","tag-literatura"],"post_mailing_queue_ids":[],"_links":{"self":[{"href":"https:\/\/agora.xtec.cat\/ieslajonquera\/wp-json\/wp\/v2\/posts\/1897","targetHints":{"allow":["GET"]}}],"collection":[{"href":"https:\/\/agora.xtec.cat\/ieslajonquera\/wp-json\/wp\/v2\/posts"}],"about":[{"href":"https:\/\/agora.xtec.cat\/ieslajonquera\/wp-json\/wp\/v2\/types\/post"}],"author":[{"embeddable":true,"href":"https:\/\/agora.xtec.cat\/ieslajonquera\/wp-json\/wp\/v2\/users\/3"}],"replies":[{"embeddable":true,"href":"https:\/\/agora.xtec.cat\/ieslajonquera\/wp-json\/wp\/v2\/comments?post=1897"}],"version-history":[{"count":3,"href":"https:\/\/agora.xtec.cat\/ieslajonquera\/wp-json\/wp\/v2\/posts\/1897\/revisions"}],"predecessor-version":[{"id":1910,"href":"https:\/\/agora.xtec.cat\/ieslajonquera\/wp-json\/wp\/v2\/posts\/1897\/revisions\/1910"}],"wp:featuredmedia":[{"embeddable":true,"href":"https:\/\/agora.xtec.cat\/ieslajonquera\/wp-json\/wp\/v2\/media\/1905"}],"wp:attachment":[{"href":"https:\/\/agora.xtec.cat\/ieslajonquera\/wp-json\/wp\/v2\/media?parent=1897"}],"wp:term":[{"taxonomy":"category","embeddable":true,"href":"https:\/\/agora.xtec.cat\/ieslajonquera\/wp-json\/wp\/v2\/categories?post=1897"},{"taxonomy":"post_tag","embeddable":true,"href":"https:\/\/agora.xtec.cat\/ieslajonquera\/wp-json\/wp\/v2\/tags?post=1897"}],"curies":[{"name":"wp","href":"https:\/\/api.w.org\/{rel}","templated":true}]}}