{"id":1795,"date":"2020-05-02T12:44:14","date_gmt":"2020-05-02T10:44:14","guid":{"rendered":"https:\/\/agora.xtec.cat\/ieslajonquera\/?p=1795"},"modified":"2020-05-02T12:45:50","modified_gmt":"2020-05-02T10:45:50","slug":"2-de-maig-dia-internacional-contra-lassetjament-escolar","status":"publish","type":"post","link":"https:\/\/agora.xtec.cat\/ieslajonquera\/general\/2-de-maig-dia-internacional-contra-lassetjament-escolar\/","title":{"rendered":"2 de maig, Dia internacional contra l&#8217;assetjament escolar"},"content":{"rendered":"<p>&nbsp;<\/p>\n<p><iframe loading=\"lazy\" src=\"\/\/www.youtube.com\/embed\/3DscmgCMIcY\" width=\"853\" height=\"480\" frameborder=\"0\"><\/iframe><\/p>\n<p style=\"text-align: justify;\">El 2 de maig se celebra el Dia Internacional contra l&#8217;assetjament escolar i des de l&#8217;INS la Jonquera volem reivindicar que tant avui com cada dia de l&#8217;any \u00e9s responsabilitat de tota la comunitat educativa educar en el respecte i la diversitat per denunciar i aturar aquest tipus de conductes.<\/p>\n<p style=\"text-align: justify;\">Volem compartir amb tots vosaltres un v\u00eddeo, que \u00e9s el resultat del taller de mediaci\u00f3 intercultural de <a href=\"https:\/\/filalagulla.org\/\">Fil a l&#8217;Agulla<\/a> amb la col\u00b7laboraci\u00f3 de C\u00e0meres i Acci\u00f3 a l&#8217;Espai Pr\u00f2polis, de l&#8217;Espai Jove Garcilaso (Barcelona).<\/p>\n","protected":false},"excerpt":{"rendered":"<p>&nbsp;<\/p>\n<p>El 2 de maig se celebra el Dia Internacional contra l&#8217;assetjament escolar i des de l&#8217;INS la Jonquera volem reivindicar que tant avui com cada dia de l&#8217;any \u00e9s responsabilitat de tota la comunitat educativa educar en el respecte i la diversitat per denunciar i&hellip;  <a href=\"https:\/\/agora.xtec.cat\/ieslajonquera\/general\/2-de-maig-dia-internacional-contra-lassetjament-escolar\/\" title=\"Read 2 de maig, Dia internacional contra l&#8217;assetjament escolar\">Llegeix m\u00e9s\u00bb<\/a><\/p>\n","protected":false},"author":3,"featured_media":0,"comment_status":"open","ping_status":"closed","sticky":false,"template":"","format":"standard","meta":{"_bbp_topic_count":0,"_bbp_reply_count":0,"_bbp_total_topic_count":0,"_bbp_total_reply_count":0,"_bbp_voice_count":0,"_bbp_anonymous_reply_count":0,"_bbp_topic_count_hidden":0,"_bbp_reply_count_hidden":0,"_bbp_forum_subforum_count":0,"footnotes":""},"categories":[1],"tags":[120,122],"class_list":["post-1795","post","type-post","status-publish","format-standard","hentry","category-general","tag-convivencia","tag-valors"],"post_mailing_queue_ids":[],"_links":{"self":[{"href":"https:\/\/agora.xtec.cat\/ieslajonquera\/wp-json\/wp\/v2\/posts\/1795","targetHints":{"allow":["GET"]}}],"collection":[{"href":"https:\/\/agora.xtec.cat\/ieslajonquera\/wp-json\/wp\/v2\/posts"}],"about":[{"href":"https:\/\/agora.xtec.cat\/ieslajonquera\/wp-json\/wp\/v2\/types\/post"}],"author":[{"embeddable":true,"href":"https:\/\/agora.xtec.cat\/ieslajonquera\/wp-json\/wp\/v2\/users\/3"}],"replies":[{"embeddable":true,"href":"https:\/\/agora.xtec.cat\/ieslajonquera\/wp-json\/wp\/v2\/comments?post=1795"}],"version-history":[{"count":2,"href":"https:\/\/agora.xtec.cat\/ieslajonquera\/wp-json\/wp\/v2\/posts\/1795\/revisions"}],"predecessor-version":[{"id":1801,"href":"https:\/\/agora.xtec.cat\/ieslajonquera\/wp-json\/wp\/v2\/posts\/1795\/revisions\/1801"}],"wp:attachment":[{"href":"https:\/\/agora.xtec.cat\/ieslajonquera\/wp-json\/wp\/v2\/media?parent=1795"}],"wp:term":[{"taxonomy":"category","embeddable":true,"href":"https:\/\/agora.xtec.cat\/ieslajonquera\/wp-json\/wp\/v2\/categories?post=1795"},{"taxonomy":"post_tag","embeddable":true,"href":"https:\/\/agora.xtec.cat\/ieslajonquera\/wp-json\/wp\/v2\/tags?post=1795"}],"curies":[{"name":"wp","href":"https:\/\/api.w.org\/{rel}","templated":true}]}}