{"id":1791,"date":"2020-05-03T20:13:51","date_gmt":"2020-05-03T18:13:51","guid":{"rendered":"https:\/\/agora.xtec.cat\/ieslajonquera\/?p=1791"},"modified":"2020-05-04T08:51:02","modified_gmt":"2020-05-04T06:51:02","slug":"comunicacio-quarta-setmana-del-trimestre","status":"publish","type":"post","link":"https:\/\/agora.xtec.cat\/ieslajonquera\/general\/comunicacio-quarta-setmana-del-trimestre\/","title":{"rendered":"Comunicaci\u00f3 quarta setmana del trimestre"},"content":{"rendered":"<p>&nbsp;<\/p>\n<p style=\"text-align: right;\"><a href=\"https:\/\/agora.xtec.cat\/ieslajonquera\/wp-content\/uploads\/usu2014\/2020\/05\/dia-mare.jpg\"><img loading=\"lazy\" decoding=\"async\" class=\"aligncenter  wp-image-1792\" src=\"https:\/\/agora.xtec.cat\/ieslajonquera\/wp-content\/uploads\/usu2014\/2020\/05\/dia-mare-223x300.jpg\" alt=\"\" width=\"291\" height=\"391\" \/>Autor: Joan Turu\u00a0<\/a><\/p>\n<p>Benvolgudes fam\u00edlies,<\/p>\n<div><\/div>\n<div>\n<p dir=\"ltr\" style=\"text-align: justify;\">Aquesta setmana iniciem l&#8217;escrit amb una felicitaci\u00f3 a totes les mares. Esperem que h\u00e0giu gaudit d&#8217;aquest dia, tot i que sabem que feu una tasca immensa cada dia de l&#8217;any, per molts anys!! <img decoding=\"async\" class=\"CToWUd\" src=\"https:\/\/mail.google.com\/mail\/e\/1f490\" alt=\"?\" data-goomoji=\"1f490\" data-image-whitelisted=\"\" \/><img decoding=\"async\" class=\"CToWUd\" src=\"https:\/\/mail.google.com\/mail\/e\/1f490\" alt=\"?\" data-goomoji=\"1f490\" data-image-whitelisted=\"\" \/><\/p>\n<p dir=\"ltr\" style=\"text-align: justify;\">Esperem que tots estigueu el millor possible i, ara que podem, sortiu una mica a passejar i\/o fer esport.<\/p>\n<div style=\"text-align: justify;\">\n<p>Iniciarem la quarta setmana de treball telem\u00e0tic. Com ja vam informar-vos, cada dilluns al mat\u00ed, els vostres fills i filles reben, a la seva adre\u00e7a @<a href=\"http:\/\/inslajonquera.cat\/\" target=\"_blank\" rel=\"noopener noreferrer\" data-saferedirecturl=\"https:\/\/www.google.com\/url?q=http:\/\/inslajonquera.cat\/&amp;source=gmail&amp;ust=1588615609225000&amp;usg=AFQjCNHZcsJZz29xddqxTQcjiD7zo625dg\">inslajonquera.cat<\/a>\u00a0(entorn protegit per menors), un correu electr\u00f2nic del seu tutor o tutora amb el recull de tasques d&#8217;aquest per\u00edode. A m\u00e9s a m\u00e9s, aquesta setmana s&#8217;afegir\u00e0 una altra informaci\u00f3, en el cas que tinguin mat\u00e8ries no assolides al primer o segon trimestre, les indicacions per poder assolir-les. \u00c9s molt important que l&#8217;alumnat aprofiti aquest per\u00edode per recuperar i millorar el seu aprenentatge i que contacti amb els i les docents davant de qualsevol dubte, sugger\u00e8ncia, etc. Properament publicarem al web la informaci\u00f3 general sobre aquest tema.<\/p>\n<p>Us recordem que les tasques proposades setmanalment formen part de l&#8217;avaluaci\u00f3 formadora i cal que l&#8217;alumnat les faci i les presenti (est\u00e0 especificat com i quan al full setmanal que reben).<\/p>\n<p>Alguns de vosaltres ens heu demanat pel tema sortides. Evidentment, han quedat totes anul\u00b7lades i els diners se us retornaran o bonificaran pel proper curs, per\u00f2 de moment no podem gestionar-ho. Un altre tema que preocupa \u00e9s el de la matr\u00edcula pel proper curs (i preinscripcions), no hem rebut instruccions concretes al respecte i no podem dir-vos les dates en qu\u00e8 es far\u00e0, ja us informarem quan ho sapiguem.<\/p>\n<p dir=\"ltr\">Recordeu que qualsevol incid\u00e8ncia s\u2019ha de vehicular a trav\u00e9s del tutor o tutora, que la traslladar\u00e0 segons convingui. Tamb\u00e9 podeu contactar-nos a trav\u00e9s de l\u2019adre\u00e7a de correu electr\u00f2nic del centre: <a href=\"mailto:b7006745@xtec.cat\" target=\"_blank\" rel=\"noopener noreferrer\">b7006745@xtec.cat<\/a>, intentarem respondre-us el m\u00e9s aviat possible. Us recomanem que aneu mirant la plana web de l&#8217;institut, que \u00e9s on anunciem les informacions oficials:\u00a0<a href=\"https:\/\/agora.xtec.cat\/ieslajonquera\/\" target=\"_blank\" rel=\"noopener noreferrer\" data-saferedirecturl=\"https:\/\/www.google.com\/url?q=https:\/\/agora.xtec.cat\/ieslajonquera\/&amp;source=gmail&amp;ust=1588615609225000&amp;usg=AFQjCNHmy2f7eWvt5CduL4oJLL77oIVG9w\">https:\/\/agora.xtec.cat\/<wbr \/>ieslajonquera\/<\/a><\/p>\n<\/div>\n<div style=\"text-align: justify;\"><\/div>\n<div>\n<p dir=\"ltr\" style=\"text-align: justify;\">Molts \u00e0nims, junts ho aconseguirem!<\/p>\n<\/div>\n<\/div>\n","protected":false},"excerpt":{"rendered":"<p>&nbsp;<br \/>\n<a href=\"https:\/\/agora.xtec.cat\/ieslajonquera\/wp-content\/uploads\/usu2014\/2020\/05\/dia-mare.jpg\">Autor: Joan Turu\u00a0<\/a><br \/>\nBenvolgudes fam\u00edlies,<\/p>\n<p>Aquesta setmana iniciem l&#8217;escrit amb una felicitaci\u00f3 a totes les mares. Esperem que h\u00e0giu gaudit d&#8217;aquest dia, tot i que sabem que feu una tasca immensa cada dia de l&#8217;any, per molts anys!!<br \/>\nEsperem que tots estigueu el millor possible i,&hellip;  <a href=\"https:\/\/agora.xtec.cat\/ieslajonquera\/general\/comunicacio-quarta-setmana-del-trimestre\/\" title=\"Read Comunicaci\u00f3 quarta setmana del trimestre\">Llegeix m\u00e9s\u00bb<\/a><\/p>\n","protected":false},"author":3,"featured_media":0,"comment_status":"open","ping_status":"closed","sticky":false,"template":"","format":"standard","meta":{"_bbp_topic_count":0,"_bbp_reply_count":0,"_bbp_total_topic_count":0,"_bbp_total_reply_count":0,"_bbp_voice_count":0,"_bbp_anonymous_reply_count":0,"_bbp_topic_count_hidden":0,"_bbp_reply_count_hidden":0,"_bbp_forum_subforum_count":0,"footnotes":""},"categories":[31,1],"tags":[],"class_list":["post-1791","post","type-post","status-publish","format-standard","hentry","category-afa-ampa","category-general"],"post_mailing_queue_ids":[],"_links":{"self":[{"href":"https:\/\/agora.xtec.cat\/ieslajonquera\/wp-json\/wp\/v2\/posts\/1791","targetHints":{"allow":["GET"]}}],"collection":[{"href":"https:\/\/agora.xtec.cat\/ieslajonquera\/wp-json\/wp\/v2\/posts"}],"about":[{"href":"https:\/\/agora.xtec.cat\/ieslajonquera\/wp-json\/wp\/v2\/types\/post"}],"author":[{"embeddable":true,"href":"https:\/\/agora.xtec.cat\/ieslajonquera\/wp-json\/wp\/v2\/users\/3"}],"replies":[{"embeddable":true,"href":"https:\/\/agora.xtec.cat\/ieslajonquera\/wp-json\/wp\/v2\/comments?post=1791"}],"version-history":[{"count":3,"href":"https:\/\/agora.xtec.cat\/ieslajonquera\/wp-json\/wp\/v2\/posts\/1791\/revisions"}],"predecessor-version":[{"id":1805,"href":"https:\/\/agora.xtec.cat\/ieslajonquera\/wp-json\/wp\/v2\/posts\/1791\/revisions\/1805"}],"wp:attachment":[{"href":"https:\/\/agora.xtec.cat\/ieslajonquera\/wp-json\/wp\/v2\/media?parent=1791"}],"wp:term":[{"taxonomy":"category","embeddable":true,"href":"https:\/\/agora.xtec.cat\/ieslajonquera\/wp-json\/wp\/v2\/categories?post=1791"},{"taxonomy":"post_tag","embeddable":true,"href":"https:\/\/agora.xtec.cat\/ieslajonquera\/wp-json\/wp\/v2\/tags?post=1791"}],"curies":[{"name":"wp","href":"https:\/\/api.w.org\/{rel}","templated":true}]}}