{"id":1786,"date":"2020-04-30T22:05:56","date_gmt":"2020-04-30T20:05:56","guid":{"rendered":"https:\/\/agora.xtec.cat\/ieslajonquera\/?p=1786"},"modified":"2020-04-30T22:07:37","modified_gmt":"2020-04-30T20:07:37","slug":"finalistes-del-concurs-literari-ficcions","status":"publish","type":"post","link":"https:\/\/agora.xtec.cat\/ieslajonquera\/general\/finalistes-del-concurs-literari-ficcions\/","title":{"rendered":"Finalistes del concurs literari Ficcions"},"content":{"rendered":"<p><a href=\"https:\/\/agora.xtec.cat\/ieslajonquera\/wp-content\/uploads\/usu2014\/2020\/04\/head_tit_ficcions.jpg\"><img loading=\"lazy\" decoding=\"async\" class=\"aligncenter wp-image-1787\" src=\"https:\/\/agora.xtec.cat\/ieslajonquera\/wp-content\/uploads\/usu2014\/2020\/04\/head_tit_ficcions-300x61.jpg\" alt=\"\" width=\"497\" height=\"101\" srcset=\"https:\/\/agora.xtec.cat\/ieslajonquera\/wp-content\/uploads\/usu2014\/2020\/04\/head_tit_ficcions-300x61.jpg 300w, https:\/\/agora.xtec.cat\/ieslajonquera\/wp-content\/uploads\/usu2014\/2020\/04\/head_tit_ficcions-768x156.jpg 768w, https:\/\/agora.xtec.cat\/ieslajonquera\/wp-content\/uploads\/usu2014\/2020\/04\/head_tit_ficcions.jpg 999w\" sizes=\"auto, (max-width: 497px) 100vw, 497px\" \/><\/a><\/p>\n<p style=\"text-align: justify;\">Vuit alumnes de 1r de Batxillerat, repartits en quatre grups, han quedat finalistes al concurs literari Ficcions i, per tant, s\u00f3n candidats a guanyar algun dels premis que cada any es reparteixen entre estudiants de Catalunya, el Pa\u00eds Valenci\u00e0 i les Illes Balears. Es tracta de: Gatdeschr\u00f6dinger (Iv\u00e1n Mart\u00ednez), fronterencs (Elsa Yeste, Laura Moreno i Victor Masuaute), condaymart (Mariama Conday i Victoria Mart\u00ednez) i BruFer (Bruno Platas i Ferran Mandado).<\/p>\n<p style=\"text-align: justify;\">Es tracta d&#8217;un concurs amb molta tradici\u00f3 al nostre centre en qu\u00e8 participen alumnes del centre de 3r i 4t d&#8217;ESO i 1r de Batxillerat en el marc de l&#8217;assignatura de Llengua catalana i literatura. Els participants han de continuar un fragment d&#8217;una novel\u00b7la al llarg de tres cap\u00edtols que van publicant, a mesura que els escriuen, a la <a href=\"https:\/\/www.ficcions.cat\/ficcions\/\">p\u00e0gina web de Ficcions<\/a>.<\/p>\n<p style=\"text-align: justify;\">FICCIONS \u00e9s una iniciativa de l\u2019Associaci\u00f3 de Mitjans d\u2019Informaci\u00f3 i Comunicaci\u00f3 (AMIC) per promoure la lectura i l\u2019escriptura en catal\u00e0 entre els joves dels territoris de parla catalana. L\u2019AMIC representa a m\u00e9s de tres-centes publicacions en paper i digitals fortament arrelades al territori.<\/p>\n<p style=\"text-align: justify;\">Felicitem tots els participants i, en especial, els finalistes. Els desitgem molta sort!<\/p>\n","protected":false},"excerpt":{"rendered":"<p><a href=\"https:\/\/agora.xtec.cat\/ieslajonquera\/wp-content\/uploads\/usu2014\/2020\/04\/head_tit_ficcions.jpg\"><\/a><br \/>\nVuit alumnes de 1r de Batxillerat, repartits en quatre grups, han quedat finalistes al concurs literari Ficcions i, per tant, s\u00f3n candidats a guanyar algun dels premis que cada any es reparteixen entre estudiants de Catalunya, el Pa\u00eds Valenci\u00e0 i les Illes Balears. Es&hellip;  <a href=\"https:\/\/agora.xtec.cat\/ieslajonquera\/general\/finalistes-del-concurs-literari-ficcions\/\" title=\"Read Finalistes del concurs literari Ficcions\">Llegeix m\u00e9s\u00bb<\/a><\/p>\n","protected":false},"author":3,"featured_media":1787,"comment_status":"open","ping_status":"closed","sticky":false,"template":"","format":"standard","meta":{"_bbp_topic_count":0,"_bbp_reply_count":0,"_bbp_total_topic_count":0,"_bbp_total_reply_count":0,"_bbp_voice_count":0,"_bbp_anonymous_reply_count":0,"_bbp_topic_count_hidden":0,"_bbp_reply_count_hidden":0,"_bbp_forum_subforum_count":0,"footnotes":""},"categories":[8,1],"tags":[106,57,124],"class_list":["post-1786","post","type-post","status-publish","format-standard","has-post-thumbnail","hentry","category-batxillerat","category-general","tag-concurs","tag-expressio-escrita","tag-literatura"],"post_mailing_queue_ids":[],"_links":{"self":[{"href":"https:\/\/agora.xtec.cat\/ieslajonquera\/wp-json\/wp\/v2\/posts\/1786","targetHints":{"allow":["GET"]}}],"collection":[{"href":"https:\/\/agora.xtec.cat\/ieslajonquera\/wp-json\/wp\/v2\/posts"}],"about":[{"href":"https:\/\/agora.xtec.cat\/ieslajonquera\/wp-json\/wp\/v2\/types\/post"}],"author":[{"embeddable":true,"href":"https:\/\/agora.xtec.cat\/ieslajonquera\/wp-json\/wp\/v2\/users\/3"}],"replies":[{"embeddable":true,"href":"https:\/\/agora.xtec.cat\/ieslajonquera\/wp-json\/wp\/v2\/comments?post=1786"}],"version-history":[{"count":2,"href":"https:\/\/agora.xtec.cat\/ieslajonquera\/wp-json\/wp\/v2\/posts\/1786\/revisions"}],"predecessor-version":[{"id":1789,"href":"https:\/\/agora.xtec.cat\/ieslajonquera\/wp-json\/wp\/v2\/posts\/1786\/revisions\/1789"}],"wp:featuredmedia":[{"embeddable":true,"href":"https:\/\/agora.xtec.cat\/ieslajonquera\/wp-json\/wp\/v2\/media\/1787"}],"wp:attachment":[{"href":"https:\/\/agora.xtec.cat\/ieslajonquera\/wp-json\/wp\/v2\/media?parent=1786"}],"wp:term":[{"taxonomy":"category","embeddable":true,"href":"https:\/\/agora.xtec.cat\/ieslajonquera\/wp-json\/wp\/v2\/categories?post=1786"},{"taxonomy":"post_tag","embeddable":true,"href":"https:\/\/agora.xtec.cat\/ieslajonquera\/wp-json\/wp\/v2\/tags?post=1786"}],"curies":[{"name":"wp","href":"https:\/\/api.w.org\/{rel}","templated":true}]}}