{"id":1779,"date":"2020-04-30T18:48:47","date_gmt":"2020-04-30T16:48:47","guid":{"rendered":"https:\/\/agora.xtec.cat\/ieslajonquera\/?p=1779"},"modified":"2020-05-01T12:11:08","modified_gmt":"2020-05-01T10:11:08","slug":"comunicacio-tercera-setmana-del-trimestre","status":"publish","type":"post","link":"https:\/\/agora.xtec.cat\/ieslajonquera\/general\/comunicacio-tercera-setmana-del-trimestre\/","title":{"rendered":"Comunicaci\u00f3 tercera setmana del trimestre"},"content":{"rendered":"<div>\n<p dir=\"ltr\"><a href=\"https:\/\/agora.xtec.cat\/ieslajonquera\/wp-content\/uploads\/usu2014\/2020\/04\/julia-curto.jpg\"><img loading=\"lazy\" decoding=\"async\" class=\"aligncenter size-medium wp-image-1780\" src=\"https:\/\/agora.xtec.cat\/ieslajonquera\/wp-content\/uploads\/usu2014\/2020\/04\/julia-curto-300x212.jpg\" alt=\"\" width=\"300\" height=\"212\" srcset=\"https:\/\/agora.xtec.cat\/ieslajonquera\/wp-content\/uploads\/usu2014\/2020\/04\/julia-curto-300x212.jpg 300w, https:\/\/agora.xtec.cat\/ieslajonquera\/wp-content\/uploads\/usu2014\/2020\/04\/julia-curto-768x543.jpg 768w, https:\/\/agora.xtec.cat\/ieslajonquera\/wp-content\/uploads\/usu2014\/2020\/04\/julia-curto.jpg 800w\" sizes=\"auto, (max-width: 300px) 100vw, 300px\" \/><\/a><\/p>\n<p dir=\"ltr\" style=\"text-align: justify;\">Benvolgudes fam\u00edlies,<\/p>\n<p style=\"text-align: justify;\"><span style=\"font-family: Arial, sans-serif;\">E<\/span>sperem que tots estigueu el millor possible. Gr\u00e0cies per la vostra col\u00b7laboraci\u00f3 i comprensi\u00f3 en aquesta situaci\u00f3 en qu\u00e8 ens trobem.<\/p>\n<p style=\"text-align: justify;\">Iniciarem la tercera setmana de treball telem\u00e0tic, que ser\u00e0 m\u00e9s curta, perqu\u00e8 en situaci\u00f3 normal hagu\u00e9ssim tingut dos dies m\u00e9s lliures. L&#8217;equip de professors ha organitzat les tasques tenint en compte aquest fet.<\/p>\n<p style=\"text-align: justify;\">Com ja vam informar-vos, cada dilluns al mat\u00ed, els vostres fills i filles rebran, a la seva adre\u00e7a @<a href=\"http:\/\/inslajonquera.cat\/\" target=\"_blank\" rel=\"noopener noreferrer\" data-saferedirecturl=\"https:\/\/www.google.com\/url?q=http:\/\/inslajonquera.cat\/&amp;source=gmail&amp;ust=1588350711474000&amp;usg=AFQjCNFu5U6N_tIqWrM2SyVnzCKiF8jz2Q\">inslajonquera.cat<\/a>\u00a0(entorn protegit per menors), un correu electr\u00f2nic del seu tutor o tutora amb el recull de tasques d&#8217;aquest per\u00edode. Insistim en la recomanaci\u00f3 que l&#8217;alumnat organitzi el seu temps i les tasques. El professorat els donar\u00e0 suport a trav\u00e9s del correu electr\u00f2nic o de videoconfer\u00e8ncia, si escau. \u00c9s molt important que l&#8217;alumnat contacti amb els i les docents davant de qualsevol dubte, sugger\u00e8ncia, etc.<\/p>\n<p style=\"text-align: justify;\">Us recordem que les tasques proposades formen part de l&#8217;avaluaci\u00f3 formadora i cal que l&#8217;alumnat les faci i les presenti (est\u00e0 especificat com i quan al full setmanal que reben).<\/p>\n<p dir=\"ltr\" style=\"text-align: justify;\">Qualsevol incid\u00e8ncia s\u2019ha de vehicular a trav\u00e9s del tutor o tutora, que la traslladar\u00e0 segons convingui. Tamb\u00e9 podeu contactar-nos a trav\u00e9s de l\u2019adre\u00e7a de correu electr\u00f2nic del centre: <a href=\"mailto:b7006745@xtec.cat\" target=\"_blank\" rel=\"noopener noreferrer\">b7006745@xtec.cat<\/a>, intentarem respondre-us el m\u00e9s aviat possible. Us recomanem que aneu mirant aquesta plana web, que \u00e9s on anunciem les informacions oficials.<\/p>\n<p>Acabem desitjant-vos una bona setmana.<\/p>\n<\/div>\n<div style=\"text-align: justify;\"><\/div>\n<div>\n<p dir=\"ltr\" style=\"text-align: justify;\">Molts \u00e0nims!<\/p>\n<p dir=\"ltr\"><strong>Institut de la Jonquera<\/strong><\/p>\n<\/div>\n","protected":false},"excerpt":{"rendered":"<p><a href=\"https:\/\/agora.xtec.cat\/ieslajonquera\/wp-content\/uploads\/usu2014\/2020\/04\/julia-curto.jpg\"><\/a><br \/>\nBenvolgudes fam\u00edlies,<br \/>\nEsperem que tots estigueu el millor possible. Gr\u00e0cies per la vostra col\u00b7laboraci\u00f3 i comprensi\u00f3 en aquesta situaci\u00f3 en qu\u00e8 ens trobem.<br \/>\nIniciarem la tercera setmana de treball telem\u00e0tic, que ser\u00e0 m\u00e9s curta, perqu\u00e8 en situaci\u00f3 normal hagu\u00e9ssim tingut dos dies m\u00e9s lliures. L&#8217;equip de&hellip;  <a href=\"https:\/\/agora.xtec.cat\/ieslajonquera\/general\/comunicacio-tercera-setmana-del-trimestre\/\" title=\"Read Comunicaci\u00f3 tercera setmana del trimestre\">Llegeix m\u00e9s\u00bb<\/a><\/p>\n","protected":false},"author":3,"featured_media":1780,"comment_status":"open","ping_status":"closed","sticky":false,"template":"","format":"standard","meta":{"_bbp_topic_count":0,"_bbp_reply_count":0,"_bbp_total_topic_count":0,"_bbp_total_reply_count":0,"_bbp_voice_count":0,"_bbp_anonymous_reply_count":0,"_bbp_topic_count_hidden":0,"_bbp_reply_count_hidden":0,"_bbp_forum_subforum_count":0,"footnotes":""},"categories":[31,1],"tags":[],"class_list":["post-1779","post","type-post","status-publish","format-standard","has-post-thumbnail","hentry","category-afa-ampa","category-general"],"post_mailing_queue_ids":[],"_links":{"self":[{"href":"https:\/\/agora.xtec.cat\/ieslajonquera\/wp-json\/wp\/v2\/posts\/1779","targetHints":{"allow":["GET"]}}],"collection":[{"href":"https:\/\/agora.xtec.cat\/ieslajonquera\/wp-json\/wp\/v2\/posts"}],"about":[{"href":"https:\/\/agora.xtec.cat\/ieslajonquera\/wp-json\/wp\/v2\/types\/post"}],"author":[{"embeddable":true,"href":"https:\/\/agora.xtec.cat\/ieslajonquera\/wp-json\/wp\/v2\/users\/3"}],"replies":[{"embeddable":true,"href":"https:\/\/agora.xtec.cat\/ieslajonquera\/wp-json\/wp\/v2\/comments?post=1779"}],"version-history":[{"count":3,"href":"https:\/\/agora.xtec.cat\/ieslajonquera\/wp-json\/wp\/v2\/posts\/1779\/revisions"}],"predecessor-version":[{"id":1785,"href":"https:\/\/agora.xtec.cat\/ieslajonquera\/wp-json\/wp\/v2\/posts\/1779\/revisions\/1785"}],"wp:featuredmedia":[{"embeddable":true,"href":"https:\/\/agora.xtec.cat\/ieslajonquera\/wp-json\/wp\/v2\/media\/1780"}],"wp:attachment":[{"href":"https:\/\/agora.xtec.cat\/ieslajonquera\/wp-json\/wp\/v2\/media?parent=1779"}],"wp:term":[{"taxonomy":"category","embeddable":true,"href":"https:\/\/agora.xtec.cat\/ieslajonquera\/wp-json\/wp\/v2\/categories?post=1779"},{"taxonomy":"post_tag","embeddable":true,"href":"https:\/\/agora.xtec.cat\/ieslajonquera\/wp-json\/wp\/v2\/tags?post=1779"}],"curies":[{"name":"wp","href":"https:\/\/api.w.org\/{rel}","templated":true}]}}