{"id":1770,"date":"2020-04-19T20:44:35","date_gmt":"2020-04-19T18:44:35","guid":{"rendered":"https:\/\/agora.xtec.cat\/ieslajonquera\/?p=1770"},"modified":"2020-04-19T23:11:47","modified_gmt":"2020-04-19T21:11:47","slug":"comunicacio-segona-setmana-del-trimestre","status":"publish","type":"post","link":"https:\/\/agora.xtec.cat\/ieslajonquera\/general\/comunicacio-segona-setmana-del-trimestre\/","title":{"rendered":"Comunicaci\u00f3 segona setmana del trimestre"},"content":{"rendered":"<div>\n<p dir=\"ltr\"><a href=\"https:\/\/agora.xtec.cat\/ieslajonquera\/wp-content\/uploads\/usu2014\/2020\/04\/quedatacasa2.jpg\"><img loading=\"lazy\" decoding=\"async\" class=\"aligncenter size-medium wp-image-1771\" src=\"https:\/\/agora.xtec.cat\/ieslajonquera\/wp-content\/uploads\/usu2014\/2020\/04\/quedatacasa2-300x223.jpg\" alt=\"\" width=\"300\" height=\"223\" srcset=\"https:\/\/agora.xtec.cat\/ieslajonquera\/wp-content\/uploads\/usu2014\/2020\/04\/quedatacasa2-300x223.jpg 300w, https:\/\/agora.xtec.cat\/ieslajonquera\/wp-content\/uploads\/usu2014\/2020\/04\/quedatacasa2-200x150.jpg 200w, https:\/\/agora.xtec.cat\/ieslajonquera\/wp-content\/uploads\/usu2014\/2020\/04\/quedatacasa2.jpg 640w\" sizes=\"auto, (max-width: 300px) 100vw, 300px\" \/><\/a><\/p>\n<p dir=\"ltr\" style=\"text-align: right;\">Autor: Joan Turu\u00a0<a class=\"bbcode_url\" href=\"http:\/\/www.joanturu.cat\/\" target=\"_blank\" rel=\"nofollow noopener noreferrer\">www.joanturu.cat\/<\/a><\/p>\n<p dir=\"ltr\" style=\"text-align: justify;\">Benvolgudes fam\u00edlies,<\/p>\n<p style=\"text-align: justify;\">Iniciarem la segona setmana de treball telem\u00e0tic. En aquests moments dif\u00edcils, esperem que tots estigueu el millor possible. Gr\u00e0cies per la vostra col\u00b7laboraci\u00f3, la predisposici\u00f3 i comprensi\u00f3 en aquesta situaci\u00f3 en qu\u00e8 ens trobem.\u00a0Ens necessitem tots i entre tots ens en sortirem.<\/p>\n<p style=\"text-align: justify;\">Com ja vam informar-vos, cada inici de setmana, els vostres fills i filles rebran, a la seva adre\u00e7a @<a href=\"http:\/\/inslajonquera.cat\/\" target=\"_blank\" rel=\"noopener noreferrer\" data-saferedirecturl=\"https:\/\/www.google.com\/url?q=http:\/\/inslajonquera.cat\/&amp;source=gmail&amp;ust=1587406586119000&amp;usg=AFQjCNFMSbOsp5An0-c5rVu8J6nFyRQs5A\">inslajonquera.cat<\/a>\u00a0(entorn protegit per menors), un correu electr\u00f2nic del seu tutor i tutora amb el recull de tasques d&#8217;aquest per\u00edode. Insistim en la recomanaci\u00f3 que l&#8217;alumnat organitzi el seu temps i les tasques. El professorat els donar\u00e0 suport a trav\u00e9s del correu electr\u00f2nic o de videoconfer\u00e8ncia, si escau. \u00c9s molt important que l&#8217;alumnat contacti amb els i les docents davant de qualsevol dubte, sugger\u00e8ncia, etc.<\/p>\n<p style=\"text-align: justify;\">Us recordem que les tasques proposades formen part de l&#8217;avaluaci\u00f3 formadora i cal que l&#8217;alumnat les faci i les presenti (est\u00e0 especificat com i quan al full setmanal que reben).<\/p>\n<p style=\"text-align: justify;\"><span style=\"color: #000000; font-family: Arial;\">Quant a la pregunta de quan tornarem, no us podem informar de cap concreci\u00f3, perqu\u00e8 nosaltres tampoc ho sabem. Ara nom\u00e9s ens queda viure el dia a dia i adaptar-nos als canvis que van sorgint.<\/span><\/p>\n<p dir=\"ltr\" style=\"text-align: justify;\">Qualsevol incid\u00e8ncia s\u2019ha de vehicular a trav\u00e9s del tutor o tutora, que la traslladar\u00e0 segons convingui. Tamb\u00e9 podeu contactar-nos a trav\u00e9s de l\u2019adre\u00e7a de correu electr\u00f2nic del centre: <a href=\"mailto:b7006745@xtec.cat\" target=\"_blank\" rel=\"noopener noreferrer\">b7006745@xtec.cat<\/a>, intentarem respondre-us el m\u00e9s aviat possible. Us recomanem que aneu mirant la plana web de l&#8217;institut, que \u00e9s on anunciem les informacions oficials:<\/p>\n<p dir=\"ltr\" style=\"text-align: justify;\"><a href=\"https:\/\/agora.xtec.cat\/ieslajonquera\/\" target=\"_blank\" rel=\"noopener noreferrer\" data-saferedirecturl=\"https:\/\/www.google.com\/url?q=https:\/\/agora.xtec.cat\/ieslajonquera\/&amp;source=gmail&amp;ust=1587406586119000&amp;usg=AFQjCNFbixL-z2c7G4UVInH6BGtwn-ehJQ\">https:\/\/agora.xtec.cat\/<wbr \/>ieslajonquera\/<\/a><\/p>\n<p style=\"text-align: justify;\">Acabem desitjant-vos un feli\u00e7 Sant Jordi\u00a0\u00a0<img decoding=\"async\" class=\"CToWUd\" src=\"https:\/\/mail.google.com\/mail\/e\/1f339\" alt=\"?\" data-goomoji=\"1f339\" data-image-whitelisted=\"\" \/><img decoding=\"async\" class=\"CToWUd\" src=\"https:\/\/mail.google.com\/mail\/e\/1f4d6\" alt=\"?\" data-goomoji=\"1f4d6\" data-image-whitelisted=\"\" \/><img decoding=\"async\" class=\"CToWUd\" src=\"https:\/\/mail.google.com\/mail\/e\/1f339\" alt=\"?\" data-goomoji=\"1f339\" data-image-whitelisted=\"\" \/>!<\/p>\n<\/div>\n<div style=\"text-align: justify;\"><\/div>\n<div>\n<p dir=\"ltr\" style=\"text-align: justify;\">Molts \u00e0nims!<\/p>\n<\/div>\n<p>&nbsp;<\/p>\n<div>\n<div dir=\"ltr\" data-smartmail=\"gmail_signature\">\n<div dir=\"ltr\">\n<div>\n<div dir=\"ltr\">\n<div><b>Institut de La Jonquera<\/b><\/div>\n<\/div>\n<\/div>\n<\/div>\n<\/div>\n<\/div>\n","protected":false},"excerpt":{"rendered":"<p><a href=\"https:\/\/agora.xtec.cat\/ieslajonquera\/wp-content\/uploads\/usu2014\/2020\/04\/quedatacasa2.jpg\"><\/a><br \/>\nAutor: Joan Turu\u00a0<a class=\"bbcode_url\" href=\"http:\/\/www.joanturu.cat\/\" target=\"_blank\" rel=\"nofollow noopener noreferrer\">www.joanturu.cat\/<\/a><br \/>\nBenvolgudes fam\u00edlies,<br \/>\nIniciarem la segona setmana de treball telem\u00e0tic. En aquests moments dif\u00edcils, esperem que tots estigueu el millor possible. Gr\u00e0cies per la vostra col\u00b7laboraci\u00f3, la predisposici\u00f3 i comprensi\u00f3 en aquesta situaci\u00f3 en qu\u00e8 ens trobem.\u00a0Ens necessitem&hellip;  <a href=\"https:\/\/agora.xtec.cat\/ieslajonquera\/general\/comunicacio-segona-setmana-del-trimestre\/\" title=\"Read Comunicaci\u00f3 segona setmana del trimestre\">Llegeix m\u00e9s\u00bb<\/a><\/p>\n","protected":false},"author":3,"featured_media":0,"comment_status":"open","ping_status":"closed","sticky":false,"template":"","format":"standard","meta":{"_bbp_topic_count":0,"_bbp_reply_count":0,"_bbp_total_topic_count":0,"_bbp_total_reply_count":0,"_bbp_voice_count":0,"_bbp_anonymous_reply_count":0,"_bbp_topic_count_hidden":0,"_bbp_reply_count_hidden":0,"_bbp_forum_subforum_count":0,"footnotes":""},"categories":[31,1],"tags":[],"class_list":["post-1770","post","type-post","status-publish","format-standard","hentry","category-afa-ampa","category-general"],"post_mailing_queue_ids":[],"_links":{"self":[{"href":"https:\/\/agora.xtec.cat\/ieslajonquera\/wp-json\/wp\/v2\/posts\/1770","targetHints":{"allow":["GET"]}}],"collection":[{"href":"https:\/\/agora.xtec.cat\/ieslajonquera\/wp-json\/wp\/v2\/posts"}],"about":[{"href":"https:\/\/agora.xtec.cat\/ieslajonquera\/wp-json\/wp\/v2\/types\/post"}],"author":[{"embeddable":true,"href":"https:\/\/agora.xtec.cat\/ieslajonquera\/wp-json\/wp\/v2\/users\/3"}],"replies":[{"embeddable":true,"href":"https:\/\/agora.xtec.cat\/ieslajonquera\/wp-json\/wp\/v2\/comments?post=1770"}],"version-history":[{"count":2,"href":"https:\/\/agora.xtec.cat\/ieslajonquera\/wp-json\/wp\/v2\/posts\/1770\/revisions"}],"predecessor-version":[{"id":1773,"href":"https:\/\/agora.xtec.cat\/ieslajonquera\/wp-json\/wp\/v2\/posts\/1770\/revisions\/1773"}],"wp:attachment":[{"href":"https:\/\/agora.xtec.cat\/ieslajonquera\/wp-json\/wp\/v2\/media?parent=1770"}],"wp:term":[{"taxonomy":"category","embeddable":true,"href":"https:\/\/agora.xtec.cat\/ieslajonquera\/wp-json\/wp\/v2\/categories?post=1770"},{"taxonomy":"post_tag","embeddable":true,"href":"https:\/\/agora.xtec.cat\/ieslajonquera\/wp-json\/wp\/v2\/tags?post=1770"}],"curies":[{"name":"wp","href":"https:\/\/api.w.org\/{rel}","templated":true}]}}