{"id":1760,"date":"2020-04-14T02:02:14","date_gmt":"2020-04-14T00:02:14","guid":{"rendered":"https:\/\/agora.xtec.cat\/ieslajonquera\/?p=1760"},"modified":"2020-05-01T12:11:44","modified_gmt":"2020-05-01T10:11:44","slug":"inici-del-tercer-trimestre","status":"publish","type":"post","link":"https:\/\/agora.xtec.cat\/ieslajonquera\/general\/inici-del-tercer-trimestre\/","title":{"rendered":"Inici del tercer trimestre"},"content":{"rendered":"<p><a href=\"https:\/\/agora.xtec.cat\/ieslajonquera\/wp-content\/uploads\/usu2014\/2020\/04\/comencem.jpg\"><img loading=\"lazy\" decoding=\"async\" class=\"aligncenter size-medium wp-image-1761\" src=\"https:\/\/agora.xtec.cat\/ieslajonquera\/wp-content\/uploads\/usu2014\/2020\/04\/comencem-279x300.jpg\" alt=\"\" width=\"279\" height=\"300\" srcset=\"https:\/\/agora.xtec.cat\/ieslajonquera\/wp-content\/uploads\/usu2014\/2020\/04\/comencem-279x300.jpg 279w, https:\/\/agora.xtec.cat\/ieslajonquera\/wp-content\/uploads\/usu2014\/2020\/04\/comencem.jpg 534w\" sizes=\"auto, (max-width: 279px) 100vw, 279px\" \/><\/a><\/p>\n<p style=\"text-align: justify;\">Benvolgudes fam\u00edlies,<\/p>\n<div style=\"text-align: justify;\"><\/div>\n<div style=\"text-align: justify;\">\n<p dir=\"ltr\">Esperem que tots estigueu el millor possible. Com us vam avan\u00e7ar, a partir del 14 d\u2019abril, s\u2019inicia el tercer trimestre en situaci\u00f3 de confinament i l&#8217;institut ha d&#8217;assegurar la continu\u00eftat de l\u2019activitat formativa de l\u2019alumnat per ajudar a mantenir els h\u00e0bits i el proc\u00e9s d&#8217;aprenentatge. Aquest aprenentage es dur\u00e0 a terme de forma telem\u00e0tica. El professorat del centre ha estat planificant l&#8217;organitzaci\u00f3 d&#8217;aquest per\u00edode.<\/p>\n<p>Entre avui i dem\u00e0 els vostres fills i filles rebran un correu electr\u00f2nic a la seva adre\u00e7a @<a href=\"http:\/\/inslajonquera.cat\/\" target=\"_blank\" rel=\"noopener noreferrer\" data-saferedirecturl=\"https:\/\/www.google.com\/url?q=http:\/\/inslajonquera.cat&amp;source=gmail&amp;ust=1586898204223000&amp;usg=AFQjCNH8UIxU6KYRMNRmoB0En5HEdvjhfg\">inslajonquera.cat<\/a> de part dels tutors i tutores. En aquest correu, hi ha un document adjunt amb els tasques setmanals que han de fer, la data del lliurament d&#8217;aquelles tasques que ho requereixin i el contacte del professorat de la mat\u00e8ria.<\/p>\n<p>A difer\u00e8ncia de les sugger\u00e8ncies que us vam passar per les primeres setmanes de confinament, les tasques que es proposen a partir d&#8217;ara s\u00f3n avaluables i cal que l&#8217;alumnat les faci i les presenti. Recomanem que l&#8217;alumnat organitzi el seu temps i les tasques. El professorat els donar\u00e0 suport a trav\u00e9s del correu electr\u00f2nic o de videoconfer\u00e8ncia, si escau. \u00c9s molt important que l&#8217;alumnat contacti amb els i les docents davant de qualsevol dubte, sugger\u00e8ncia, etc.<\/p>\n<p dir=\"ltr\">Com sempre, si teniu alguna q\u00fcesti\u00f3, tamb\u00e9 podeu contactar-nos a trav\u00e9s de l\u2019adre\u00e7a de correu electr\u00f2nic del centre: <a href=\"mailto:b7006745@xtec.cat\" target=\"_blank\" rel=\"noopener noreferrer\">b7006745@xtec.cat<\/a>, intentarem respondre-us el m\u00e9s aviat possible.<\/p>\n<p dir=\"ltr\">Molts \u00e0nims!<\/p>\n<\/div>\n<div>\n<div>\n<div dir=\"ltr\" data-smartmail=\"gmail_signature\">\n<div dir=\"ltr\">\n<div>\n<div dir=\"ltr\">\n<div style=\"text-align: justify;\"><b>Institut de La Jonquera<\/b><\/div>\n<\/div>\n<\/div>\n<\/div>\n<\/div>\n<\/div>\n<\/div>\n","protected":false},"excerpt":{"rendered":"<p><a href=\"https:\/\/agora.xtec.cat\/ieslajonquera\/wp-content\/uploads\/usu2014\/2020\/04\/comencem.jpg\"><\/a><br \/>\nBenvolgudes fam\u00edlies,<\/p>\n<p>Esperem que tots estigueu el millor possible. Com us vam avan\u00e7ar, a partir del 14 d\u2019abril, s\u2019inicia el tercer trimestre en situaci\u00f3 de confinament i l&#8217;institut ha d&#8217;assegurar la continu\u00eftat de l\u2019activitat formativa de l\u2019alumnat per ajudar a mantenir els h\u00e0bits i el&hellip;  <a href=\"https:\/\/agora.xtec.cat\/ieslajonquera\/general\/inici-del-tercer-trimestre\/\" title=\"Read Inici del tercer trimestre\">Llegeix m\u00e9s\u00bb<\/a><\/p>\n","protected":false},"author":3,"featured_media":0,"comment_status":"open","ping_status":"closed","sticky":false,"template":"","format":"standard","meta":{"_bbp_topic_count":0,"_bbp_reply_count":0,"_bbp_total_topic_count":0,"_bbp_total_reply_count":0,"_bbp_voice_count":0,"_bbp_anonymous_reply_count":0,"_bbp_topic_count_hidden":0,"_bbp_reply_count_hidden":0,"_bbp_forum_subforum_count":0,"footnotes":""},"categories":[31,1],"tags":[],"class_list":["post-1760","post","type-post","status-publish","format-standard","hentry","category-afa-ampa","category-general"],"post_mailing_queue_ids":[],"_links":{"self":[{"href":"https:\/\/agora.xtec.cat\/ieslajonquera\/wp-json\/wp\/v2\/posts\/1760","targetHints":{"allow":["GET"]}}],"collection":[{"href":"https:\/\/agora.xtec.cat\/ieslajonquera\/wp-json\/wp\/v2\/posts"}],"about":[{"href":"https:\/\/agora.xtec.cat\/ieslajonquera\/wp-json\/wp\/v2\/types\/post"}],"author":[{"embeddable":true,"href":"https:\/\/agora.xtec.cat\/ieslajonquera\/wp-json\/wp\/v2\/users\/3"}],"replies":[{"embeddable":true,"href":"https:\/\/agora.xtec.cat\/ieslajonquera\/wp-json\/wp\/v2\/comments?post=1760"}],"version-history":[{"count":3,"href":"https:\/\/agora.xtec.cat\/ieslajonquera\/wp-json\/wp\/v2\/posts\/1760\/revisions"}],"predecessor-version":[{"id":1794,"href":"https:\/\/agora.xtec.cat\/ieslajonquera\/wp-json\/wp\/v2\/posts\/1760\/revisions\/1794"}],"wp:attachment":[{"href":"https:\/\/agora.xtec.cat\/ieslajonquera\/wp-json\/wp\/v2\/media?parent=1760"}],"wp:term":[{"taxonomy":"category","embeddable":true,"href":"https:\/\/agora.xtec.cat\/ieslajonquera\/wp-json\/wp\/v2\/categories?post=1760"},{"taxonomy":"post_tag","embeddable":true,"href":"https:\/\/agora.xtec.cat\/ieslajonquera\/wp-json\/wp\/v2\/tags?post=1760"}],"curies":[{"name":"wp","href":"https:\/\/api.w.org\/{rel}","templated":true}]}}