{"id":1713,"date":"2020-03-31T17:58:52","date_gmt":"2020-03-31T15:58:52","guid":{"rendered":"https:\/\/agora.xtec.cat\/ieslajonquera\/?p=1713"},"modified":"2020-04-01T18:57:39","modified_gmt":"2020-04-01T16:57:39","slug":"condolencies","status":"publish","type":"post","link":"https:\/\/agora.xtec.cat\/ieslajonquera\/general\/condolencies\/","title":{"rendered":"Condol\u00e8ncies"},"content":{"rendered":"<p><a href=\"https:\/\/agora.xtec.cat\/ieslajonquera\/wp-content\/uploads\/usu2014\/2020\/03\/crespo-negre.jpg\"><img loading=\"lazy\" decoding=\"async\" class=\"aligncenter size-medium wp-image-1714\" src=\"https:\/\/agora.xtec.cat\/ieslajonquera\/wp-content\/uploads\/usu2014\/2020\/03\/crespo-negre-300x153.jpg\" alt=\"\" width=\"300\" height=\"153\" srcset=\"https:\/\/agora.xtec.cat\/ieslajonquera\/wp-content\/uploads\/usu2014\/2020\/03\/crespo-negre-300x153.jpg 300w, https:\/\/agora.xtec.cat\/ieslajonquera\/wp-content\/uploads\/usu2014\/2020\/03\/crespo-negre.jpg 450w\" sizes=\"auto, (max-width: 300px) 100vw, 300px\" \/><\/a><\/p>\n<p style=\"text-align: justify;\"><span style=\"font-weight: 400;\">Benvolgut alumnat i fam\u00edlies,<\/span><\/p>\n<p style=\"text-align: justify;\"><span style=\"font-weight: 400;\">Ens sentim molt tristos per haver de comunicar-vos que la nostra companya, la vostra professora de tecnologia, l\u2019Anna Maria, ens ha deixat a causa d&#8217;una greu malaltia.<\/span><\/p>\n<p style=\"text-align: justify;\"><span style=\"font-weight: 400;\">Sempre et recordarem amb admiraci\u00f3 pel teu gran companyerisme, la teva professionalitat i la teva bona disposici\u00f3 vers els alumnes i les alumnes.<\/span><span style=\"font-weight: 400;\">\u00a0<\/span><\/p>\n<p><a href=\"https:\/\/agora.xtec.cat\/ieslajonquera\/wp-content\/uploads\/usu2014\/2020\/03\/IMG-20200331-WA0021.jpg\"><img loading=\"lazy\" decoding=\"async\" class=\"aligncenter size-medium wp-image-1715\" src=\"https:\/\/agora.xtec.cat\/ieslajonquera\/wp-content\/uploads\/usu2014\/2020\/03\/IMG-20200331-WA0021-223x300.jpg\" alt=\"\" width=\"223\" height=\"300\" srcset=\"https:\/\/agora.xtec.cat\/ieslajonquera\/wp-content\/uploads\/usu2014\/2020\/03\/IMG-20200331-WA0021-223x300.jpg 223w, https:\/\/agora.xtec.cat\/ieslajonquera\/wp-content\/uploads\/usu2014\/2020\/03\/IMG-20200331-WA0021.jpg 720w\" sizes=\"auto, (max-width: 223px) 100vw, 223px\" \/><\/a><\/p>\n<p>&nbsp;<\/p>\n<p><span style=\"font-weight: 400;\">Enviem a la fam\u00edlia tot el nostre suport i afecte en aquests moments tan dif\u00edcils.\u00a0<\/span><\/p>\n<p>Claustre de professorat<\/p>\n<p>&nbsp;<\/p>\n<p>L&#8217;AFA del centre tamb\u00e9 ens ha fet arribar aquest <a href=\"https:\/\/drive.google.com\/file\/d\/1Sk2A8WFeXtt0qtFlsi2UKUocPJ-msYpC\/view?usp=sharing\">comunicat<\/a>:<\/p>\n<p lang=\"ca-ES\" style=\"text-align: justify;\"><span style=\"font-size: medium;\">Sentim molt\u00edssim de part de tots els membres que formen la junta del AFA, d&#8217;aquesta not\u00edcia de la professora, I&#8217;Anna Maria de tecnologia. El nostre condol tant per la fam\u00edlia, amics, professorat i equip directiu del centre i dels estudiants. No hi ha paraules per poder descriure el nostre sentiment.<\/span><\/p>\n","protected":false},"excerpt":{"rendered":"<p><a href=\"https:\/\/agora.xtec.cat\/ieslajonquera\/wp-content\/uploads\/usu2014\/2020\/03\/crespo-negre.jpg\"><\/a><br \/>\nBenvolgut alumnat i fam\u00edlies,<br \/>\nEns sentim molt tristos per haver de comunicar-vos que la nostra companya, la vostra professora de tecnologia, l\u2019Anna Maria, ens ha deixat a causa d&#8217;una greu malaltia.<br \/>\nSempre et recordarem amb admiraci\u00f3 pel teu gran companyerisme, la teva professionalitat i la teva&hellip;  <a href=\"https:\/\/agora.xtec.cat\/ieslajonquera\/general\/condolencies\/\" title=\"Read Condol\u00e8ncies\">Llegeix m\u00e9s\u00bb<\/a><\/p>\n","protected":false},"author":3,"featured_media":1714,"comment_status":"open","ping_status":"closed","sticky":false,"template":"","format":"standard","meta":{"_bbp_topic_count":0,"_bbp_reply_count":0,"_bbp_total_topic_count":0,"_bbp_total_reply_count":0,"_bbp_voice_count":0,"_bbp_anonymous_reply_count":0,"_bbp_topic_count_hidden":0,"_bbp_reply_count_hidden":0,"_bbp_forum_subforum_count":0,"footnotes":""},"categories":[1],"tags":[],"class_list":["post-1713","post","type-post","status-publish","format-standard","has-post-thumbnail","hentry","category-general"],"post_mailing_queue_ids":[],"_links":{"self":[{"href":"https:\/\/agora.xtec.cat\/ieslajonquera\/wp-json\/wp\/v2\/posts\/1713","targetHints":{"allow":["GET"]}}],"collection":[{"href":"https:\/\/agora.xtec.cat\/ieslajonquera\/wp-json\/wp\/v2\/posts"}],"about":[{"href":"https:\/\/agora.xtec.cat\/ieslajonquera\/wp-json\/wp\/v2\/types\/post"}],"author":[{"embeddable":true,"href":"https:\/\/agora.xtec.cat\/ieslajonquera\/wp-json\/wp\/v2\/users\/3"}],"replies":[{"embeddable":true,"href":"https:\/\/agora.xtec.cat\/ieslajonquera\/wp-json\/wp\/v2\/comments?post=1713"}],"version-history":[{"count":4,"href":"https:\/\/agora.xtec.cat\/ieslajonquera\/wp-json\/wp\/v2\/posts\/1713\/revisions"}],"predecessor-version":[{"id":1722,"href":"https:\/\/agora.xtec.cat\/ieslajonquera\/wp-json\/wp\/v2\/posts\/1713\/revisions\/1722"}],"wp:featuredmedia":[{"embeddable":true,"href":"https:\/\/agora.xtec.cat\/ieslajonquera\/wp-json\/wp\/v2\/media\/1714"}],"wp:attachment":[{"href":"https:\/\/agora.xtec.cat\/ieslajonquera\/wp-json\/wp\/v2\/media?parent=1713"}],"wp:term":[{"taxonomy":"category","embeddable":true,"href":"https:\/\/agora.xtec.cat\/ieslajonquera\/wp-json\/wp\/v2\/categories?post=1713"},{"taxonomy":"post_tag","embeddable":true,"href":"https:\/\/agora.xtec.cat\/ieslajonquera\/wp-json\/wp\/v2\/tags?post=1713"}],"curies":[{"name":"wp","href":"https:\/\/api.w.org\/{rel}","templated":true}]}}