{"id":1675,"date":"2020-03-13T12:09:05","date_gmt":"2020-03-13T11:09:05","guid":{"rendered":"https:\/\/agora.xtec.cat\/ieslajonquera\/?p=1675"},"modified":"2020-03-13T12:10:07","modified_gmt":"2020-03-13T11:10:07","slug":"primer-dialeg-intercultural-entre-families-dalumnes","status":"publish","type":"post","link":"https:\/\/agora.xtec.cat\/ieslajonquera\/general\/primer-dialeg-intercultural-entre-families-dalumnes\/","title":{"rendered":"Primer di\u00e0leg intercultural entre fam\u00edlies d&#8217;alumnes"},"content":{"rendered":"<p style=\"text-align: justify;\">El passat 11 de mar\u00e7 a la tarda, van tenir lloc al centre dos actes vinculats amb el projecte &#8220;Mediadors Interculturals&#8221;:<\/p>\n<p style=\"text-align: justify;\">A la <strong>xerrada<\/strong>, adre\u00e7ada als professors, aquests van tenir l&#8217;oportunitat d&#8217;escoltar Mostaf\u00e0 Shaimi, formador en dinamitzaci\u00f3 comunit\u00e0ria i professor de la UdG, mentre que al <strong>Primer di\u00e0leg intercultural entre fam\u00edlies d&#8217;alumnes, <\/strong>moderat tamb\u00e9 per Mostaf\u00e0 Shaimi, hi van participar unes 36 fam\u00edlies d&#8217;alumnes tant del CEIP Josep Pe\u00f1uelas com de l&#8217;INS de la Jonquera, a m\u00e9s de professionals de l\u2019educaci\u00f3 de l\u2019institut i representats de la comunitat educativa. L&#8217;acte, que oferia un servei de monitoratge per tal d&#8217;atendre els fills dels assistents, aix\u00ed com un servei de traducci\u00f3 de l&#8217;\u00e0rab al castell\u00e0 o catal\u00e0, va comptar amb la col\u00b7laboraci\u00f3 de l\u2019AFA.<\/p>\n<table>\n<tbody>\n<tr>\n<td><a href=\"https:\/\/agora.xtec.cat\/ieslajonquera\/wp-content\/uploads\/usu2014\/2020\/03\/IMG-20200311-WA0006.jpg\"><img loading=\"lazy\" decoding=\"async\" class=\"aligncenter wp-image-1687\" src=\"https:\/\/agora.xtec.cat\/ieslajonquera\/wp-content\/uploads\/usu2014\/2020\/03\/IMG-20200311-WA0006-1024x768.jpg\" alt=\"\" width=\"413\" height=\"309\" \/><\/a><\/td>\n<td><a href=\"https:\/\/agora.xtec.cat\/ieslajonquera\/wp-content\/uploads\/usu2014\/2020\/03\/IMG-20200311-WA0011.jpg\"><img loading=\"lazy\" decoding=\"async\" class=\"aligncenter wp-image-1686\" src=\"https:\/\/agora.xtec.cat\/ieslajonquera\/wp-content\/uploads\/usu2014\/2020\/03\/IMG-20200311-WA0011-1024x576.jpg\" alt=\"\" width=\"535\" height=\"301\" \/><\/a><\/td>\n<\/tr>\n<\/tbody>\n<\/table>\n<p>&nbsp;<\/p>\n<p style=\"text-align: justify;\">L&#8217;objectiu d&#8217;aquesta trobada era establir un primer contacte amb fam\u00edlies d\u2019origen estranger i escoltar les possibles demandes d&#8217;aquestes, que van mostrar el seu inter\u00e8s per continuar aprenent la llengua per tal de poder ajudar els fills en les tasques acad\u00e8miques. D&#8217;aquesta inquietud van sorgir propostes tan interessants com organitzar cursos de llengua al centre a les tardes o, fins i tot, un voluntariat ling\u00fc\u00edstic entre fam\u00edlies d&#8217;alumnes.<\/p>\n<p style=\"text-align: justify;\">El projecte, finan\u00e7at pel Ministeri d\u2019Educaci\u00f3 i Formaci\u00f3 professional i cofinan\u00e7at pel Fons Social Europeu, t\u00e9 dos destinataris principals: per una banda, les fam\u00edlies i, per l\u2019altra, professionals de l\u2019educaci\u00f3 del centre escolar i la zona. La durada del projecte ser\u00e0 de mar\u00e7 a juny i t\u00e9 el suport de l\u2019Equip d\u2019Inclusi\u00f3 i Atenci\u00f3 a la Comunitat del Consell Comarcal de l\u2019Alt Empord\u00e0, l\u2019Ajuntament de la Jonquera i de l\u2019AFA del centre.<\/p>\n","protected":false},"excerpt":{"rendered":"<p>El passat 11 de mar\u00e7 a la tarda, van tenir lloc al centre dos actes vinculats amb el projecte &#8220;Mediadors Interculturals&#8221;:<br \/>\nA la xerrada, adre\u00e7ada als professors, aquests van tenir l&#8217;oportunitat d&#8217;escoltar Mostaf\u00e0 Shaimi, formador en dinamitzaci\u00f3 comunit\u00e0ria i professor de la UdG, mentre que al&hellip;  <a href=\"https:\/\/agora.xtec.cat\/ieslajonquera\/general\/primer-dialeg-intercultural-entre-families-dalumnes\/\" title=\"Read Primer di\u00e0leg intercultural entre fam\u00edlies d&#8217;alumnes\">Llegeix m\u00e9s\u00bb<\/a><\/p>\n","protected":false},"author":3,"featured_media":0,"comment_status":"open","ping_status":"closed","sticky":false,"template":"","format":"standard","meta":{"_bbp_topic_count":0,"_bbp_reply_count":0,"_bbp_total_topic_count":0,"_bbp_total_reply_count":0,"_bbp_voice_count":0,"_bbp_anonymous_reply_count":0,"_bbp_topic_count_hidden":0,"_bbp_reply_count_hidden":0,"_bbp_forum_subforum_count":0,"footnotes":""},"categories":[31,1],"tags":[120,121,132,44],"class_list":["post-1675","post","type-post","status-publish","format-standard","hentry","category-afa-ampa","category-general","tag-convivencia","tag-mediacio","tag-projectes","tag-xerrades"],"post_mailing_queue_ids":[],"_links":{"self":[{"href":"https:\/\/agora.xtec.cat\/ieslajonquera\/wp-json\/wp\/v2\/posts\/1675","targetHints":{"allow":["GET"]}}],"collection":[{"href":"https:\/\/agora.xtec.cat\/ieslajonquera\/wp-json\/wp\/v2\/posts"}],"about":[{"href":"https:\/\/agora.xtec.cat\/ieslajonquera\/wp-json\/wp\/v2\/types\/post"}],"author":[{"embeddable":true,"href":"https:\/\/agora.xtec.cat\/ieslajonquera\/wp-json\/wp\/v2\/users\/3"}],"replies":[{"embeddable":true,"href":"https:\/\/agora.xtec.cat\/ieslajonquera\/wp-json\/wp\/v2\/comments?post=1675"}],"version-history":[{"count":3,"href":"https:\/\/agora.xtec.cat\/ieslajonquera\/wp-json\/wp\/v2\/posts\/1675\/revisions"}],"predecessor-version":[{"id":1689,"href":"https:\/\/agora.xtec.cat\/ieslajonquera\/wp-json\/wp\/v2\/posts\/1675\/revisions\/1689"}],"wp:attachment":[{"href":"https:\/\/agora.xtec.cat\/ieslajonquera\/wp-json\/wp\/v2\/media?parent=1675"}],"wp:term":[{"taxonomy":"category","embeddable":true,"href":"https:\/\/agora.xtec.cat\/ieslajonquera\/wp-json\/wp\/v2\/categories?post=1675"},{"taxonomy":"post_tag","embeddable":true,"href":"https:\/\/agora.xtec.cat\/ieslajonquera\/wp-json\/wp\/v2\/tags?post=1675"}],"curies":[{"name":"wp","href":"https:\/\/api.w.org\/{rel}","templated":true}]}}