{"id":1660,"date":"2020-03-10T19:12:20","date_gmt":"2020-03-10T18:12:20","guid":{"rendered":"https:\/\/agora.xtec.cat\/ieslajonquera\/?p=1660"},"modified":"2020-03-13T12:15:34","modified_gmt":"2020-03-13T11:15:34","slug":"sortida-de-4t-deso-anullada","status":"publish","type":"post","link":"https:\/\/agora.xtec.cat\/ieslajonquera\/general\/sortida-de-4t-deso-anullada\/","title":{"rendered":"Sortida de 4t d&#8217;ESO anul\u00b7lada!"},"content":{"rendered":"<p><a href=\"https:\/\/agora.xtec.cat\/ieslajonquera\/wp-content\/uploads\/usu2014\/2020\/03\/Av\u00eds.jpg\"><img loading=\"lazy\" decoding=\"async\" class=\"wp-image-1690 alignright\" src=\"https:\/\/agora.xtec.cat\/ieslajonquera\/wp-content\/uploads\/usu2014\/2020\/03\/Av\u00eds.jpg\" alt=\"\" width=\"206\" height=\"147\" srcset=\"https:\/\/agora.xtec.cat\/ieslajonquera\/wp-content\/uploads\/usu2014\/2020\/03\/Av\u00eds.jpg 512w, https:\/\/agora.xtec.cat\/ieslajonquera\/wp-content\/uploads\/usu2014\/2020\/03\/Av\u00eds-300x212.jpg 300w\" sizes=\"auto, (max-width: 206px) 100vw, 206px\" \/><\/a>Benvolgudes fam\u00edlies,<\/p>\n<p style=\"text-align: justify;\">El Departament d\u2019Educaci\u00f3 insta a la suspensi\u00f3 de tota activitat que organitzin els centres educatius del Departament o qualsevol servei del mateix Departament que no sigui lectiva o curricular, que es faci fora del centre i que impliqui professorat, personal no docent o alumnat de diversos centres simult\u00e0niament. Les sortides lectives que impliquin un sol centre es poden mantenir. Aquesta mesura de suspensi\u00f3 t\u00e9 efectes sobre fires, trobades, cantades, cert\u00e0mens, etc.<\/p>\n<p>&nbsp;<\/p>\n<p style=\"text-align: justify;\"><a href=\"http:\/\/ensenyament.gencat.cat\/ca\/inici\/nota-premsa\/?id=383825\" target=\"_blank\" rel=\"noopener noreferrer\" data-saferedirecturl=\"https:\/\/www.google.com\/url?q=http:\/\/ensenyament.gencat.cat\/ca\/inici\/nota-premsa\/?id%3D383825&amp;source=gmail&amp;ust=1583949897957000&amp;usg=AFQjCNH4hEPtC1PFEiro1oIH2Jhb8_3LrA\">http:\/\/ensenyament.gencat.cat\/<wbr \/>ca\/inici\/nota-premsa\/?id=<wbr \/>383825<\/a><\/p>\n<p style=\"text-align: justify;\">La primera conseq\u00fc\u00e8ncia \u00e9s l&#8217;anul\u00b7laci\u00f3 de la jornada de cicles formatius que s&#8217;havia de fer dem\u00e0 al teatre Jard\u00ed de Figueres<\/p>\n<p>&nbsp;<\/p>\n","protected":false},"excerpt":{"rendered":"<p><a href=\"https:\/\/agora.xtec.cat\/ieslajonquera\/wp-content\/uploads\/usu2014\/2020\/03\/Av\u00eds.jpg\"><\/a>Benvolgudes fam\u00edlies,<br \/>\nEl Departament d\u2019Educaci\u00f3 insta a la suspensi\u00f3 de tota activitat que organitzin els centres educatius del Departament o qualsevol servei del mateix Departament que no sigui lectiva o curricular, que es faci fora del centre i que impliqui professorat, personal no docent o&hellip;  <a href=\"https:\/\/agora.xtec.cat\/ieslajonquera\/general\/sortida-de-4t-deso-anullada\/\" title=\"Read Sortida de 4t d&#8217;ESO anul\u00b7lada!\">Llegeix m\u00e9s\u00bb<\/a><\/p>\n","protected":false},"author":1,"featured_media":1690,"comment_status":"open","ping_status":"closed","sticky":false,"template":"","format":"standard","meta":{"_bbp_topic_count":0,"_bbp_reply_count":0,"_bbp_total_topic_count":0,"_bbp_total_reply_count":0,"_bbp_voice_count":0,"_bbp_anonymous_reply_count":0,"_bbp_topic_count_hidden":0,"_bbp_reply_count_hidden":0,"_bbp_forum_subforum_count":0,"footnotes":""},"categories":[7,3,1],"tags":[],"class_list":["post-1660","post","type-post","status-publish","format-standard","has-post-thumbnail","hentry","category-eso-4","category-eso","category-general"],"post_mailing_queue_ids":[],"_links":{"self":[{"href":"https:\/\/agora.xtec.cat\/ieslajonquera\/wp-json\/wp\/v2\/posts\/1660","targetHints":{"allow":["GET"]}}],"collection":[{"href":"https:\/\/agora.xtec.cat\/ieslajonquera\/wp-json\/wp\/v2\/posts"}],"about":[{"href":"https:\/\/agora.xtec.cat\/ieslajonquera\/wp-json\/wp\/v2\/types\/post"}],"author":[{"embeddable":true,"href":"https:\/\/agora.xtec.cat\/ieslajonquera\/wp-json\/wp\/v2\/users\/1"}],"replies":[{"embeddable":true,"href":"https:\/\/agora.xtec.cat\/ieslajonquera\/wp-json\/wp\/v2\/comments?post=1660"}],"version-history":[{"count":3,"href":"https:\/\/agora.xtec.cat\/ieslajonquera\/wp-json\/wp\/v2\/posts\/1660\/revisions"}],"predecessor-version":[{"id":1693,"href":"https:\/\/agora.xtec.cat\/ieslajonquera\/wp-json\/wp\/v2\/posts\/1660\/revisions\/1693"}],"wp:featuredmedia":[{"embeddable":true,"href":"https:\/\/agora.xtec.cat\/ieslajonquera\/wp-json\/wp\/v2\/media\/1690"}],"wp:attachment":[{"href":"https:\/\/agora.xtec.cat\/ieslajonquera\/wp-json\/wp\/v2\/media?parent=1660"}],"wp:term":[{"taxonomy":"category","embeddable":true,"href":"https:\/\/agora.xtec.cat\/ieslajonquera\/wp-json\/wp\/v2\/categories?post=1660"},{"taxonomy":"post_tag","embeddable":true,"href":"https:\/\/agora.xtec.cat\/ieslajonquera\/wp-json\/wp\/v2\/tags?post=1660"}],"curies":[{"name":"wp","href":"https:\/\/api.w.org\/{rel}","templated":true}]}}