{"id":1579,"date":"2020-03-02T11:15:50","date_gmt":"2020-03-02T10:15:50","guid":{"rendered":"https:\/\/agora.xtec.cat\/ieslajonquera\/?p=1579"},"modified":"2020-03-02T11:20:14","modified_gmt":"2020-03-02T10:20:14","slug":"inici-del-projecte-mediadors-interculturals-programa-del-marc","status":"publish","type":"post","link":"https:\/\/agora.xtec.cat\/ieslajonquera\/general\/inici-del-projecte-mediadors-interculturals-programa-del-marc\/","title":{"rendered":"Inici del projecte &#8220;Mediadors interculturals&#8221;."},"content":{"rendered":"<table style=\"width: 550px;\">\n<tbody>\n<tr>\n<td style=\"width: 150px;\"><a href=\"https:\/\/agora.xtec.cat\/ieslajonquera\/wp-content\/uploads\/usu2014\/2020\/01\/LOGO_INS-LA-JONQUERA-.jpg\"><img loading=\"lazy\" decoding=\"async\" class=\"aligncenter wp-image-1439\" src=\"https:\/\/agora.xtec.cat\/ieslajonquera\/wp-content\/uploads\/usu2014\/2020\/01\/LOGO_INS-LA-JONQUERA--1024x751.jpg\" alt=\"\" width=\"130\" height=\"95\" srcset=\"https:\/\/agora.xtec.cat\/ieslajonquera\/wp-content\/uploads\/usu2014\/2020\/01\/LOGO_INS-LA-JONQUERA--1024x751.jpg 1024w, https:\/\/agora.xtec.cat\/ieslajonquera\/wp-content\/uploads\/usu2014\/2020\/01\/LOGO_INS-LA-JONQUERA--300x220.jpg 300w, https:\/\/agora.xtec.cat\/ieslajonquera\/wp-content\/uploads\/usu2014\/2020\/01\/LOGO_INS-LA-JONQUERA--768x563.jpg 768w, https:\/\/agora.xtec.cat\/ieslajonquera\/wp-content\/uploads\/usu2014\/2020\/01\/LOGO_INS-LA-JONQUERA-.jpg 1412w\" sizes=\"auto, (max-width: 130px) 100vw, 130px\" \/><\/a><\/td>\n<td style=\"width: 216px;\"><a href=\"https:\/\/agora.xtec.cat\/ieslajonquera\/wp-content\/uploads\/usu2014\/2020\/02\/logo_europa.jpg\"><img loading=\"lazy\" decoding=\"async\" class=\"aligncenter wp-image-1514\" src=\"https:\/\/agora.xtec.cat\/ieslajonquera\/wp-content\/uploads\/usu2014\/2020\/02\/logo_europa.jpg\" alt=\"\" width=\"199\" height=\"115\" \/><\/a><\/td>\n<td style=\"width: 174px;\"><a href=\"https:\/\/agora.xtec.cat\/ieslajonquera\/wp-content\/uploads\/usu2014\/2019\/09\/logo-afa.png\"><img loading=\"lazy\" decoding=\"async\" class=\"aligncenter wp-image-1153\" src=\"https:\/\/agora.xtec.cat\/ieslajonquera\/wp-content\/uploads\/usu2014\/2019\/09\/logo-afa.png\" alt=\"\" width=\"145\" height=\"159\" \/><\/a><\/td>\n<\/tr>\n<\/tbody>\n<\/table>\n<p style=\"text-align: justify;\">Aquest mes de mar\u00e7 l\u2019Institut de la Jonquera inicia el projecte \u201cMediadors interculturals\u201d que t\u00e9 com objectiu principal millorar la comunicaci\u00f3 entre la comunitat educativa posant el focus en les fam\u00edlies d\u2019or\u00edgens d\u2019arreu el m\u00f3n per tal d\u2019afavorir el coneixement personal i la conviv\u00e8ncia. A trav\u00e9s de tallers adre\u00e7ats a fam\u00edlies, amb participaci\u00f3 de membres de la comunitat educativa com a professors, monitors de lleure, l\u2019Associaci\u00f3 de Fam\u00edlies del centre, dinamitzadors comunitaris es buscar\u00e0 la creaci\u00f3 d\u2019una comunitat i xarxa de suport al di\u00e0leg intercultural. Aquest projecte finan\u00e7at pel Ministeri d\u2019Educaci\u00f3 i Formaci\u00f3 professional i cofinan\u00e7at pel Fons Social Europeu estar\u00e0 integrat d\u2019un panel de fam\u00edlies i un altre de professionals de l\u2019educaci\u00f3 del centre escolar i la zona que es reunir\u00e0 durant els propers mesos, de mar\u00e7 a juny i t\u00e9 el suport de l\u2019Equip de inclusi\u00f3 i atenci\u00f3 a la comunitat del Consell Comarcal de l\u2019Alt Empord\u00e0 i l\u2019Ajuntament de la Jonquera.<\/p>\n<p style=\"text-align: justify;\"><strong>PROGRAMA DE MAR\u00c7<\/strong><\/p>\n<p><strong>3 de mar\u00e7<\/strong><\/p>\n<p style=\"text-align: justify;\">16.30h Yasser Saadoune, president d\u2019ECCIT \u201cPresentaci\u00f3 de l\u2019 associaci\u00f3 ECCIT: La cooperaci\u00f3 al desenvolupament en l\u2019\u00e0mbit educatiu des de la perspectiva del intercanvi mutu: presentaci\u00f3 del programa de l\u2019estada formativa.<\/p>\n<p style=\"text-align: justify;\">17.00h Yousef Saadoun, periodista del diari <em>Al Chamal<\/em>, \u201cLa situaci\u00f3 social i pol\u00edtica del Marroc, des d\u2019una perspectiva socioeducativa\u201d (en castell\u00e0).<\/p>\n<p style=\"text-align: justify;\">18.00h Ibtissam El Hajrati, membre de l\u2019 associaci\u00f3 ECCIT i professora del Projecte Licam \u201cExperi\u00e8ncies de socialitzaci\u00f3 de fills i filles de fam\u00edlies marroquines de Catalunya\u201d.<\/p>\n<p><strong>4 de mar\u00e7<\/strong><\/p>\n<p style=\"text-align: justify;\">15.30h Jamal Mesbah, professor a La Universitat de T\u00e0nger, president Associaci\u00f3 ECCIT Marroc \u201cMarc legislatiu de la Mudawana \u201cel codi familiar\u201d (en castell\u00e0).<\/p>\n<p style=\"text-align: justify;\">16.15h Nasser S. Chabakia, Equip de formaci\u00f3 de professors a la delegaci\u00f3 del Ministeri a la ciutat de Ouazzane, \u201cEl sistema educatiu marroqu\u00ed: etapes educatives, estad\u00edstiques, estructura, curr\u00edculum i la situaci\u00f3 escolar del Marroc i la nova reforma educativa 2015-2030\u201d.<\/p>\n<p><strong>11 de mar\u00e7<\/strong><\/p>\n<p style=\"text-align: justify;\">15.30h Mostaf\u00e0 Shaimi, formador en dinamitzaci\u00f3 comunit\u00e0ria, professor de l\u2019UdG, \u201cMediadors en interculturalitat\u201d.<\/p>\n<p style=\"text-align: justify;\">17.00h 1r di\u00e0leg intercultural entre fam\u00edlies d\u2019alumnes, professionals de l\u2019educaci\u00f3 de l\u2019Institut de La Jonquera i representats de la comunitat educativa i AFA.<\/p>\n<p><strong>31 de mar\u00e7<\/strong><\/p>\n<p style=\"text-align: justify;\">16.30h Rafael Crespo, formador en dinamitzaci\u00f3 comunit\u00e0ria, \u201cEstereotips i rumors en la conviv\u00e8ncia ciutadana\u201d<\/p>\n","protected":false},"excerpt":{"rendered":"<p><a href=\"https:\/\/agora.xtec.cat\/ieslajonquera\/wp-content\/uploads\/usu2014\/2020\/01\/LOGO_INS-LA-JONQUERA-.jpg\"><\/a><br \/>\n<a href=\"https:\/\/agora.xtec.cat\/ieslajonquera\/wp-content\/uploads\/usu2014\/2020\/02\/logo_europa.jpg\"><\/a><br \/>\n<a href=\"https:\/\/agora.xtec.cat\/ieslajonquera\/wp-content\/uploads\/usu2014\/2019\/09\/logo-afa.png\"><\/a><\/p>\n<p>Aquest mes de mar\u00e7 l\u2019Institut de la Jonquera inicia el projecte \u201cMediadors interculturals\u201d que t\u00e9 com objectiu principal millorar la comunicaci\u00f3 entre la comunitat educativa posant el focus en les fam\u00edlies d\u2019or\u00edgens d\u2019arreu el m\u00f3n per tal d\u2019afavorir el coneixement personal i&hellip;  <a href=\"https:\/\/agora.xtec.cat\/ieslajonquera\/general\/inici-del-projecte-mediadors-interculturals-programa-del-marc\/\" title=\"Read Inici del projecte &#8220;Mediadors interculturals&#8221;.\">Llegeix m\u00e9s\u00bb<\/a><\/p>\n","protected":false},"author":3,"featured_media":1226,"comment_status":"open","ping_status":"closed","sticky":false,"template":"","format":"standard","meta":{"_bbp_topic_count":0,"_bbp_reply_count":0,"_bbp_total_topic_count":0,"_bbp_total_reply_count":0,"_bbp_voice_count":0,"_bbp_anonymous_reply_count":0,"_bbp_topic_count_hidden":0,"_bbp_reply_count_hidden":0,"_bbp_forum_subforum_count":0,"footnotes":""},"categories":[1],"tags":[120,121,132],"class_list":["post-1579","post","type-post","status-publish","format-standard","has-post-thumbnail","hentry","category-general","tag-convivencia","tag-mediacio","tag-projectes"],"post_mailing_queue_ids":[],"_links":{"self":[{"href":"https:\/\/agora.xtec.cat\/ieslajonquera\/wp-json\/wp\/v2\/posts\/1579","targetHints":{"allow":["GET"]}}],"collection":[{"href":"https:\/\/agora.xtec.cat\/ieslajonquera\/wp-json\/wp\/v2\/posts"}],"about":[{"href":"https:\/\/agora.xtec.cat\/ieslajonquera\/wp-json\/wp\/v2\/types\/post"}],"author":[{"embeddable":true,"href":"https:\/\/agora.xtec.cat\/ieslajonquera\/wp-json\/wp\/v2\/users\/3"}],"replies":[{"embeddable":true,"href":"https:\/\/agora.xtec.cat\/ieslajonquera\/wp-json\/wp\/v2\/comments?post=1579"}],"version-history":[{"count":3,"href":"https:\/\/agora.xtec.cat\/ieslajonquera\/wp-json\/wp\/v2\/posts\/1579\/revisions"}],"predecessor-version":[{"id":1583,"href":"https:\/\/agora.xtec.cat\/ieslajonquera\/wp-json\/wp\/v2\/posts\/1579\/revisions\/1583"}],"wp:featuredmedia":[{"embeddable":true,"href":"https:\/\/agora.xtec.cat\/ieslajonquera\/wp-json\/wp\/v2\/media\/1226"}],"wp:attachment":[{"href":"https:\/\/agora.xtec.cat\/ieslajonquera\/wp-json\/wp\/v2\/media?parent=1579"}],"wp:term":[{"taxonomy":"category","embeddable":true,"href":"https:\/\/agora.xtec.cat\/ieslajonquera\/wp-json\/wp\/v2\/categories?post=1579"},{"taxonomy":"post_tag","embeddable":true,"href":"https:\/\/agora.xtec.cat\/ieslajonquera\/wp-json\/wp\/v2\/tags?post=1579"}],"curies":[{"name":"wp","href":"https:\/\/api.w.org\/{rel}","templated":true}]}}