{"id":1569,"date":"2020-02-20T09:56:49","date_gmt":"2020-02-20T08:56:49","guid":{"rendered":"https:\/\/agora.xtec.cat\/ieslajonquera\/?p=1569"},"modified":"2020-02-20T09:56:49","modified_gmt":"2020-02-20T08:56:49","slug":"xerrada-sobre-alimentacio-i-industria-alimentaria-a-3r-deso","status":"publish","type":"post","link":"https:\/\/agora.xtec.cat\/ieslajonquera\/general\/xerrada-sobre-alimentacio-i-industria-alimentaria-a-3r-deso\/","title":{"rendered":"Xerrada sobre alimentaci\u00f3 i ind\u00fastria aliment\u00e0ria a 3r d&#8217;ESO"},"content":{"rendered":"<p>Els alumnes de 3 d&#8217;ESO han assistit a una xerrada sobre alimentaci\u00f3 i ind\u00fastria aliment\u00e0ria que ens ha vingut a fer l&#8217;Eduard, de la Fundaci\u00f3 <a href=\"http:\/\/kreas.cat\/\">Kreas<\/a>. Aquesta activitat forma part del projecte que porten a terme les professores de Franc\u00e8s i Biologia &#8220;<em>Fast food bonne et saine&#8221;<\/em>.<a href=\"https:\/\/agora.xtec.cat\/ieslajonquera\/wp-content\/uploads\/usu2014\/2020\/02\/DC9D393F-1303-49D7-9135-44C70911537A-1.jpeg\"><img loading=\"lazy\" decoding=\"async\" class=\"wp-image-1570  alignleft\" src=\"https:\/\/agora.xtec.cat\/ieslajonquera\/wp-content\/uploads\/usu2014\/2020\/02\/DC9D393F-1303-49D7-9135-44C70911537A-1-300x225.jpeg\" alt=\"\" width=\"452\" height=\"339\" \/><\/a><\/p>\n<p>&nbsp;<\/p>\n<p><a href=\"https:\/\/agora.xtec.cat\/ieslajonquera\/wp-content\/uploads\/usu2014\/2020\/02\/kreas.png\"><img loading=\"lazy\" decoding=\"async\" class=\" wp-image-1571 alignleft\" src=\"https:\/\/agora.xtec.cat\/ieslajonquera\/wp-content\/uploads\/usu2014\/2020\/02\/kreas.png\" alt=\"\" width=\"433\" height=\"173\" \/><\/a><\/p>\n","protected":false},"excerpt":{"rendered":"<p>Els alumnes de 3 d&#8217;ESO han assistit a una xerrada sobre alimentaci\u00f3 i ind\u00fastria aliment\u00e0ria que ens ha vingut a fer l&#8217;Eduard, de la Fundaci\u00f3 <a href=\"http:\/\/kreas.cat\/\">Kreas<\/a>. Aquesta activitat forma part del projecte que porten a terme les professores de Franc\u00e8s i Biologia &#8220;Fast food&hellip;  <a href=\"https:\/\/agora.xtec.cat\/ieslajonquera\/general\/xerrada-sobre-alimentacio-i-industria-alimentaria-a-3r-deso\/\" title=\"Read Xerrada sobre alimentaci\u00f3 i ind\u00fastria aliment\u00e0ria a 3r d&#8217;ESO\">Llegeix m\u00e9s\u00bb<\/a><\/p>\n","protected":false},"author":3,"featured_media":0,"comment_status":"open","ping_status":"closed","sticky":false,"template":"","format":"standard","meta":{"_bbp_topic_count":0,"_bbp_reply_count":0,"_bbp_total_topic_count":0,"_bbp_total_reply_count":0,"_bbp_voice_count":0,"_bbp_anonymous_reply_count":0,"_bbp_topic_count_hidden":0,"_bbp_reply_count_hidden":0,"_bbp_forum_subforum_count":0,"footnotes":""},"categories":[6,3,1],"tags":[117,129,45,44],"class_list":["post-1569","post","type-post","status-publish","format-standard","hentry","category-eso-3","category-eso","category-general","tag-biologia","tag-frances","tag-salut","tag-xerrades"],"post_mailing_queue_ids":[],"_links":{"self":[{"href":"https:\/\/agora.xtec.cat\/ieslajonquera\/wp-json\/wp\/v2\/posts\/1569","targetHints":{"allow":["GET"]}}],"collection":[{"href":"https:\/\/agora.xtec.cat\/ieslajonquera\/wp-json\/wp\/v2\/posts"}],"about":[{"href":"https:\/\/agora.xtec.cat\/ieslajonquera\/wp-json\/wp\/v2\/types\/post"}],"author":[{"embeddable":true,"href":"https:\/\/agora.xtec.cat\/ieslajonquera\/wp-json\/wp\/v2\/users\/3"}],"replies":[{"embeddable":true,"href":"https:\/\/agora.xtec.cat\/ieslajonquera\/wp-json\/wp\/v2\/comments?post=1569"}],"version-history":[{"count":1,"href":"https:\/\/agora.xtec.cat\/ieslajonquera\/wp-json\/wp\/v2\/posts\/1569\/revisions"}],"predecessor-version":[{"id":1572,"href":"https:\/\/agora.xtec.cat\/ieslajonquera\/wp-json\/wp\/v2\/posts\/1569\/revisions\/1572"}],"wp:attachment":[{"href":"https:\/\/agora.xtec.cat\/ieslajonquera\/wp-json\/wp\/v2\/media?parent=1569"}],"wp:term":[{"taxonomy":"category","embeddable":true,"href":"https:\/\/agora.xtec.cat\/ieslajonquera\/wp-json\/wp\/v2\/categories?post=1569"},{"taxonomy":"post_tag","embeddable":true,"href":"https:\/\/agora.xtec.cat\/ieslajonquera\/wp-json\/wp\/v2\/tags?post=1569"}],"curies":[{"name":"wp","href":"https:\/\/api.w.org\/{rel}","templated":true}]}}