{"id":1566,"date":"2020-02-19T22:00:37","date_gmt":"2020-02-19T21:00:37","guid":{"rendered":"https:\/\/agora.xtec.cat\/ieslajonquera\/?p=1566"},"modified":"2020-02-19T22:00:37","modified_gmt":"2020-02-19T21:00:37","slug":"projecte-mediadors-en-interculturalitat","status":"publish","type":"post","link":"https:\/\/agora.xtec.cat\/ieslajonquera\/general\/projecte-mediadors-en-interculturalitat\/","title":{"rendered":"Projecte: Mediadors en Interculturalitat"},"content":{"rendered":"<p>Dimarts 3 de mar\u00e7 s&#8217;inicia el seg\u00fcent projecte que tindr\u00e0 una durada de 3 mesos i estar\u00e0 adre\u00e7at a les fam\u00edlies d&#8217;alumnes d&#8217;origen estranger, de 1r i 2n d&#8217;ESO, i a la resta de la comunitat educativa.<\/p>\n<p style=\"text-align: center;\"><a href=\"https:\/\/agora.xtec.cat\/ieslajonquera\/wp-content\/uploads\/usu2014\/2020\/02\/Captura-de-Pantalla-2020-02-19-a-les-21.45.12.png\"><img loading=\"lazy\" decoding=\"async\" class=\"alignnone size-full wp-image-1567\" src=\"https:\/\/agora.xtec.cat\/ieslajonquera\/wp-content\/uploads\/usu2014\/2020\/02\/Captura-de-Pantalla-2020-02-19-a-les-21.45.12.png\" alt=\"\" width=\"639\" height=\"447\" srcset=\"https:\/\/agora.xtec.cat\/ieslajonquera\/wp-content\/uploads\/usu2014\/2020\/02\/Captura-de-Pantalla-2020-02-19-a-les-21.45.12.png 639w, https:\/\/agora.xtec.cat\/ieslajonquera\/wp-content\/uploads\/usu2014\/2020\/02\/Captura-de-Pantalla-2020-02-19-a-les-21.45.12-300x210.png 300w\" sizes=\"auto, (max-width: 639px) 100vw, 639px\" \/><\/a><\/p>\n","protected":false},"excerpt":{"rendered":"<p>Dimarts 3 de mar\u00e7 s&#8217;inicia el seg\u00fcent projecte que tindr\u00e0 una durada de 3 mesos i estar\u00e0 adre\u00e7at a les fam\u00edlies d&#8217;alumnes d&#8217;origen estranger, de 1r i 2n d&#8217;ESO, i a la resta de la comunitat educativa.<br \/>\n<a href=\"https:\/\/agora.xtec.cat\/ieslajonquera\/wp-content\/uploads\/usu2014\/2020\/02\/Captura-de-Pantalla-2020-02-19-a-les-21.45.12.png\"><\/a><\/p>\n","protected":false},"author":1,"featured_media":0,"comment_status":"open","ping_status":"closed","sticky":false,"template":"","format":"standard","meta":{"_bbp_topic_count":0,"_bbp_reply_count":0,"_bbp_total_topic_count":0,"_bbp_total_reply_count":0,"_bbp_voice_count":0,"_bbp_anonymous_reply_count":0,"_bbp_topic_count_hidden":0,"_bbp_reply_count_hidden":0,"_bbp_forum_subforum_count":0,"footnotes":""},"categories":[4,5,3,1],"tags":[],"class_list":["post-1566","post","type-post","status-publish","format-standard","hentry","category-eso-1","category-eso-2","category-eso","category-general"],"post_mailing_queue_ids":[],"_links":{"self":[{"href":"https:\/\/agora.xtec.cat\/ieslajonquera\/wp-json\/wp\/v2\/posts\/1566","targetHints":{"allow":["GET"]}}],"collection":[{"href":"https:\/\/agora.xtec.cat\/ieslajonquera\/wp-json\/wp\/v2\/posts"}],"about":[{"href":"https:\/\/agora.xtec.cat\/ieslajonquera\/wp-json\/wp\/v2\/types\/post"}],"author":[{"embeddable":true,"href":"https:\/\/agora.xtec.cat\/ieslajonquera\/wp-json\/wp\/v2\/users\/1"}],"replies":[{"embeddable":true,"href":"https:\/\/agora.xtec.cat\/ieslajonquera\/wp-json\/wp\/v2\/comments?post=1566"}],"version-history":[{"count":1,"href":"https:\/\/agora.xtec.cat\/ieslajonquera\/wp-json\/wp\/v2\/posts\/1566\/revisions"}],"predecessor-version":[{"id":1568,"href":"https:\/\/agora.xtec.cat\/ieslajonquera\/wp-json\/wp\/v2\/posts\/1566\/revisions\/1568"}],"wp:attachment":[{"href":"https:\/\/agora.xtec.cat\/ieslajonquera\/wp-json\/wp\/v2\/media?parent=1566"}],"wp:term":[{"taxonomy":"category","embeddable":true,"href":"https:\/\/agora.xtec.cat\/ieslajonquera\/wp-json\/wp\/v2\/categories?post=1566"},{"taxonomy":"post_tag","embeddable":true,"href":"https:\/\/agora.xtec.cat\/ieslajonquera\/wp-json\/wp\/v2\/tags?post=1566"}],"curies":[{"name":"wp","href":"https:\/\/api.w.org\/{rel}","templated":true}]}}