{"id":1561,"date":"2020-02-17T11:05:53","date_gmt":"2020-02-17T10:05:53","guid":{"rendered":"https:\/\/agora.xtec.cat\/ieslajonquera\/?p=1561"},"modified":"2020-02-17T11:10:19","modified_gmt":"2020-02-17T10:10:19","slug":"vi-concurs-doratoria-de-linstitut-ja-tenim-guanyadora","status":"publish","type":"post","link":"https:\/\/agora.xtec.cat\/ieslajonquera\/general\/vi-concurs-doratoria-de-linstitut-ja-tenim-guanyadora\/","title":{"rendered":"VI Concurs d&#8217;Orat\u00f2ria de l&#8217;institut: Ja tenim guanyadora!"},"content":{"rendered":"<p style=\"text-align: justify;\">El concurs d&#8217;Orat\u00f2ria de l&#8217;institut, que s&#8217;ha celebrat aquest mat\u00ed, ja t\u00e9 guanyadora. Hi havia set finalistes amb un nivell molt alt i els resultats de les votacions del jurat (format per cinc professors del centre adscrit al departament de Lleng\u00fces) han estat molt igualats, per\u00f2 finalment la guanyadora ha estat la Marina Pallarols, de 4t d&#8217;ESO A, que participar\u00e0 en el VI Concurs d&#8217;Orat\u00f2ria Juvenil de l&#8217;Alt Empord\u00e0, que tindr\u00e0 lloc el 14 de mar\u00e7 a l&#8217;auditori dels Caputxins de Figueres.<\/p>\n<p style=\"text-align: justify;\">Felicitem a totes les finalistes, que ho han fet molt i molt b\u00e9!<a href=\"https:\/\/agora.xtec.cat\/ieslajonquera\/wp-content\/uploads\/usu2014\/2020\/02\/IMG_20200217_100024-1.jpg\"><img loading=\"lazy\" decoding=\"async\" class=\"wp-image-1562 alignleft\" src=\"https:\/\/agora.xtec.cat\/ieslajonquera\/wp-content\/uploads\/usu2014\/2020\/02\/IMG_20200217_100024-1-300x225.jpg\" alt=\"\" width=\"379\" height=\"284\" \/><\/a><a href=\"https:\/\/agora.xtec.cat\/ieslajonquera\/wp-content\/uploads\/usu2014\/2020\/02\/IMG_20200217_102030-1.jpg\"><img loading=\"lazy\" decoding=\"async\" class=\"wp-image-1563 alignleft\" src=\"https:\/\/agora.xtec.cat\/ieslajonquera\/wp-content\/uploads\/usu2014\/2020\/02\/IMG_20200217_102030-1-225x300.jpg\" alt=\"\" width=\"319\" height=\"425\" \/><\/a><\/p>\n<p>&nbsp;<\/p>\n","protected":false},"excerpt":{"rendered":"<p>El concurs d&#8217;Orat\u00f2ria de l&#8217;institut, que s&#8217;ha celebrat aquest mat\u00ed, ja t\u00e9 guanyadora. Hi havia set finalistes amb un nivell molt alt i els resultats de les votacions del jurat (format per cinc professors del centre adscrit al departament de Lleng\u00fces) han estat molt igualats,&hellip;  <a href=\"https:\/\/agora.xtec.cat\/ieslajonquera\/general\/vi-concurs-doratoria-de-linstitut-ja-tenim-guanyadora\/\" title=\"Read VI Concurs d&#8217;Orat\u00f2ria de l&#8217;institut: Ja tenim guanyadora!\">Llegeix m\u00e9s\u00bb<\/a><\/p>\n","protected":false},"author":3,"featured_media":0,"comment_status":"open","ping_status":"closed","sticky":false,"template":"","format":"standard","meta":{"_bbp_topic_count":0,"_bbp_reply_count":0,"_bbp_total_topic_count":0,"_bbp_total_reply_count":0,"_bbp_voice_count":0,"_bbp_anonymous_reply_count":0,"_bbp_topic_count_hidden":0,"_bbp_reply_count_hidden":0,"_bbp_forum_subforum_count":0,"footnotes":""},"categories":[7,3,1],"tags":[106,43],"class_list":["post-1561","post","type-post","status-publish","format-standard","hentry","category-eso-4","category-eso","category-general","tag-concurs","tag-expressio-oral"],"post_mailing_queue_ids":[],"_links":{"self":[{"href":"https:\/\/agora.xtec.cat\/ieslajonquera\/wp-json\/wp\/v2\/posts\/1561","targetHints":{"allow":["GET"]}}],"collection":[{"href":"https:\/\/agora.xtec.cat\/ieslajonquera\/wp-json\/wp\/v2\/posts"}],"about":[{"href":"https:\/\/agora.xtec.cat\/ieslajonquera\/wp-json\/wp\/v2\/types\/post"}],"author":[{"embeddable":true,"href":"https:\/\/agora.xtec.cat\/ieslajonquera\/wp-json\/wp\/v2\/users\/3"}],"replies":[{"embeddable":true,"href":"https:\/\/agora.xtec.cat\/ieslajonquera\/wp-json\/wp\/v2\/comments?post=1561"}],"version-history":[{"count":2,"href":"https:\/\/agora.xtec.cat\/ieslajonquera\/wp-json\/wp\/v2\/posts\/1561\/revisions"}],"predecessor-version":[{"id":1565,"href":"https:\/\/agora.xtec.cat\/ieslajonquera\/wp-json\/wp\/v2\/posts\/1561\/revisions\/1565"}],"wp:attachment":[{"href":"https:\/\/agora.xtec.cat\/ieslajonquera\/wp-json\/wp\/v2\/media?parent=1561"}],"wp:term":[{"taxonomy":"category","embeddable":true,"href":"https:\/\/agora.xtec.cat\/ieslajonquera\/wp-json\/wp\/v2\/categories?post=1561"},{"taxonomy":"post_tag","embeddable":true,"href":"https:\/\/agora.xtec.cat\/ieslajonquera\/wp-json\/wp\/v2\/tags?post=1561"}],"curies":[{"name":"wp","href":"https:\/\/api.w.org\/{rel}","templated":true}]}}