{"id":1530,"date":"2020-02-13T11:54:48","date_gmt":"2020-02-13T10:54:48","guid":{"rendered":"https:\/\/agora.xtec.cat\/ieslajonquera\/?p=1530"},"modified":"2020-02-13T11:58:50","modified_gmt":"2020-02-13T10:58:50","slug":"colonies-en-angles-a-1r-deso-1r-dia","status":"publish","type":"post","link":"https:\/\/agora.xtec.cat\/ieslajonquera\/general\/colonies-en-angles-a-1r-deso-1r-dia\/","title":{"rendered":"Col\u00f2nies en angl\u00e8s a 1r d&#8217;ESO: 1r dia"},"content":{"rendered":"<p style=\"text-align: justify;\">Els alumnes de 1r d&#8217;ESO han arribat a mig mat\u00ed de dimecres a l&#8217;Alberg Emp\u00faries de l&#8217;Escala on, al llarg de tres dies, participaran en les col\u00f2nies ling\u00fc\u00edstiques &#8220;Natural Science&#8221; en qu\u00e8 faran tot un seguit de tallers relacionats amb la ci\u00e8ncia \u00edntegrament en angl\u00e8s.<\/p>\n<p style=\"text-align: justify;\">Abans de dinar han fet un taller introductori anomenat &#8220;Ice breakers&#8221;, a la tarda, dos tallers m\u00e9s: &#8220;Fins someone who&#8230;&#8221; i &#8220;Hierarchy&#8221; i despr\u00e9s de sopar, el joc de nit &#8220;Decode the code&#8221;.<\/p>\n<p style=\"text-align: justify;\">Les estades d\u2019immersi\u00f3 en llengua anglesa adre\u00e7ades a l\u2019alumnat de l\u2019ESO estan finan\u00e7ades pel Fons Social Europeu a trav\u00e9s del Programa d\u2019Orientaci\u00f3 i Refor\u00e7 per a la Millora i Suport en l\u2019Educaci\u00f3, gestionat, a l\u2019Estat Espanyol, pel Ministeri d\u2019Educaci\u00f3 i Formaci\u00f3 Professional.<\/p>\n<p style=\"text-align: justify;\">Podeu veure m\u00e9s fotos de les col\u00f2nies <a href=\"https:\/\/drive.google.com\/drive\/folders\/1K341BSoI3kZyXHf1jSWLkJ5bbWsLp5Kf?usp=sharing\">aqu\u00ed<\/a>.<\/p>\n<p><a href=\"https:\/\/agora.xtec.cat\/ieslajonquera\/wp-content\/uploads\/usu2014\/2020\/02\/IMG-20200212-WA0004.jpg\"><img loading=\"lazy\" decoding=\"async\" class=\"aligncenter size-large wp-image-1531\" src=\"https:\/\/agora.xtec.cat\/ieslajonquera\/wp-content\/uploads\/usu2014\/2020\/02\/IMG-20200212-WA0004-1024x576.jpg\" alt=\"\" width=\"1024\" height=\"576\" \/><\/a><\/p>\n<p>&nbsp;<\/p>\n","protected":false},"excerpt":{"rendered":"<p>Els alumnes de 1r d&#8217;ESO han arribat a mig mat\u00ed de dimecres a l&#8217;Alberg Emp\u00faries de l&#8217;Escala on, al llarg de tres dies, participaran en les col\u00f2nies ling\u00fc\u00edstiques &#8220;Natural Science&#8221; en qu\u00e8 faran tot un seguit de tallers relacionats amb la ci\u00e8ncia \u00edntegrament en angl\u00e8s.<br \/>\nAbans&hellip;  <a href=\"https:\/\/agora.xtec.cat\/ieslajonquera\/general\/colonies-en-angles-a-1r-deso-1r-dia\/\" title=\"Read Col\u00f2nies en angl\u00e8s a 1r d&#8217;ESO: 1r dia\">Llegeix m\u00e9s\u00bb<\/a><\/p>\n","protected":false},"author":3,"featured_media":0,"comment_status":"open","ping_status":"closed","sticky":false,"template":"","format":"standard","meta":{"_bbp_topic_count":0,"_bbp_reply_count":0,"_bbp_total_topic_count":0,"_bbp_total_reply_count":0,"_bbp_voice_count":0,"_bbp_anonymous_reply_count":0,"_bbp_topic_count_hidden":0,"_bbp_reply_count_hidden":0,"_bbp_forum_subforum_count":0,"footnotes":""},"categories":[4,1],"tags":[125,123],"class_list":["post-1530","post","type-post","status-publish","format-standard","hentry","category-eso-1","category-general","tag-angles","tag-estades"],"post_mailing_queue_ids":[],"_links":{"self":[{"href":"https:\/\/agora.xtec.cat\/ieslajonquera\/wp-json\/wp\/v2\/posts\/1530","targetHints":{"allow":["GET"]}}],"collection":[{"href":"https:\/\/agora.xtec.cat\/ieslajonquera\/wp-json\/wp\/v2\/posts"}],"about":[{"href":"https:\/\/agora.xtec.cat\/ieslajonquera\/wp-json\/wp\/v2\/types\/post"}],"author":[{"embeddable":true,"href":"https:\/\/agora.xtec.cat\/ieslajonquera\/wp-json\/wp\/v2\/users\/3"}],"replies":[{"embeddable":true,"href":"https:\/\/agora.xtec.cat\/ieslajonquera\/wp-json\/wp\/v2\/comments?post=1530"}],"version-history":[{"count":3,"href":"https:\/\/agora.xtec.cat\/ieslajonquera\/wp-json\/wp\/v2\/posts\/1530\/revisions"}],"predecessor-version":[{"id":1535,"href":"https:\/\/agora.xtec.cat\/ieslajonquera\/wp-json\/wp\/v2\/posts\/1530\/revisions\/1535"}],"wp:attachment":[{"href":"https:\/\/agora.xtec.cat\/ieslajonquera\/wp-json\/wp\/v2\/media?parent=1530"}],"wp:term":[{"taxonomy":"category","embeddable":true,"href":"https:\/\/agora.xtec.cat\/ieslajonquera\/wp-json\/wp\/v2\/categories?post=1530"},{"taxonomy":"post_tag","embeddable":true,"href":"https:\/\/agora.xtec.cat\/ieslajonquera\/wp-json\/wp\/v2\/tags?post=1530"}],"curies":[{"name":"wp","href":"https:\/\/api.w.org\/{rel}","templated":true}]}}