{"id":1527,"date":"2020-02-12T23:05:22","date_gmt":"2020-02-12T22:05:22","guid":{"rendered":"https:\/\/agora.xtec.cat\/ieslajonquera\/?p=1527"},"modified":"2020-02-12T23:05:22","modified_gmt":"2020-02-12T22:05:22","slug":"taller-kreas-a-1r-de-batxillerat-primera-part","status":"publish","type":"post","link":"https:\/\/agora.xtec.cat\/ieslajonquera\/general\/taller-kreas-a-1r-de-batxillerat-primera-part\/","title":{"rendered":"Taller Kreas a 1r de Batxillerat. Primera part"},"content":{"rendered":"<p style=\"text-align: justify;\">Una professora del centre de formaci\u00f3 <a href=\"http:\/\/kreas.cat\/kreas\/\">Kreas<\/a>, centre de refer\u00e8ncia dins el sector alimentari, ens ha vingut a fer un taller sobre els cereals als alumnes de 1r de Batxillerat de la mat\u00e8ria de Biologia.<\/p>\n<p style=\"text-align: justify;\">Primer de tot, la professora ha explicat els diferents cereals i les seves propietats nutritives. A continuaci\u00f3, els alumnes s&#8217;han dividit en grups de tres i cadascun s&#8217;ha subdividit en diferents tasques (t\u00e8cnic\/a de producci\u00f3, t\u00e8cnic\/a laboratori i R&amp;D, t\u00e8cnic\/a qualitat i seguretat aliment\u00e0ria) per poder competir entre ells i poder deduir experimentalment les diferents hip\u00f2tesis: pot ser que algunes farines no tinguin gluten i d&#8217;altres nom\u00e9s tinguin\u00a0 mid\u00f3. Tamb\u00e9 han hagut de recon\u00e8ixer mostres de diferents cereals.<\/p>\n<p style=\"text-align: justify;\">Ha estat una experi\u00e8ncia molt interessant. Properament&#8230; M\u00e9s experiments!<\/p>\n<p style=\"text-align: justify;\">Podeu veure m\u00e9s fotos <a href=\"https:\/\/drive.google.com\/open?id=1w9P3ckfB00p0KWxn-1ojByjBKxDg7vj4\">aqu\u00ed<\/a>.<br \/>\n<a href=\"https:\/\/agora.xtec.cat\/ieslajonquera\/wp-content\/uploads\/usu2014\/2020\/02\/IMG_9458-3.jpg\"><img loading=\"lazy\" decoding=\"async\" class=\"aligncenter  wp-image-1528\" src=\"https:\/\/agora.xtec.cat\/ieslajonquera\/wp-content\/uploads\/usu2014\/2020\/02\/IMG_9458-3-1024x768.jpg\" alt=\"\" width=\"602\" height=\"451\" \/><\/a><\/p>\n<div class=\"yj6qo\"><\/div>\n<div><\/div>\n","protected":false},"excerpt":{"rendered":"<p>Una professora del centre de formaci\u00f3 <a href=\"http:\/\/kreas.cat\/kreas\/\">Kreas<\/a>, centre de refer\u00e8ncia dins el sector alimentari, ens ha vingut a fer un taller sobre els cereals als alumnes de 1r de Batxillerat de la mat\u00e8ria de Biologia.<br \/>\nPrimer de tot, la professora ha explicat els diferents cereals&hellip;  <a href=\"https:\/\/agora.xtec.cat\/ieslajonquera\/general\/taller-kreas-a-1r-de-batxillerat-primera-part\/\" title=\"Read Taller Kreas a 1r de Batxillerat. Primera part\">Llegeix m\u00e9s\u00bb<\/a><\/p>\n","protected":false},"author":3,"featured_media":0,"comment_status":"open","ping_status":"closed","sticky":false,"template":"","format":"standard","meta":{"_bbp_topic_count":0,"_bbp_reply_count":0,"_bbp_total_topic_count":0,"_bbp_total_reply_count":0,"_bbp_voice_count":0,"_bbp_anonymous_reply_count":0,"_bbp_topic_count_hidden":0,"_bbp_reply_count_hidden":0,"_bbp_forum_subforum_count":0,"footnotes":""},"categories":[8,1],"tags":[117,58],"class_list":["post-1527","post","type-post","status-publish","format-standard","hentry","category-batxillerat","category-general","tag-biologia","tag-tallers"],"post_mailing_queue_ids":[],"_links":{"self":[{"href":"https:\/\/agora.xtec.cat\/ieslajonquera\/wp-json\/wp\/v2\/posts\/1527","targetHints":{"allow":["GET"]}}],"collection":[{"href":"https:\/\/agora.xtec.cat\/ieslajonquera\/wp-json\/wp\/v2\/posts"}],"about":[{"href":"https:\/\/agora.xtec.cat\/ieslajonquera\/wp-json\/wp\/v2\/types\/post"}],"author":[{"embeddable":true,"href":"https:\/\/agora.xtec.cat\/ieslajonquera\/wp-json\/wp\/v2\/users\/3"}],"replies":[{"embeddable":true,"href":"https:\/\/agora.xtec.cat\/ieslajonquera\/wp-json\/wp\/v2\/comments?post=1527"}],"version-history":[{"count":1,"href":"https:\/\/agora.xtec.cat\/ieslajonquera\/wp-json\/wp\/v2\/posts\/1527\/revisions"}],"predecessor-version":[{"id":1529,"href":"https:\/\/agora.xtec.cat\/ieslajonquera\/wp-json\/wp\/v2\/posts\/1527\/revisions\/1529"}],"wp:attachment":[{"href":"https:\/\/agora.xtec.cat\/ieslajonquera\/wp-json\/wp\/v2\/media?parent=1527"}],"wp:term":[{"taxonomy":"category","embeddable":true,"href":"https:\/\/agora.xtec.cat\/ieslajonquera\/wp-json\/wp\/v2\/categories?post=1527"},{"taxonomy":"post_tag","embeddable":true,"href":"https:\/\/agora.xtec.cat\/ieslajonquera\/wp-json\/wp\/v2\/tags?post=1527"}],"curies":[{"name":"wp","href":"https:\/\/api.w.org\/{rel}","templated":true}]}}