{"id":1518,"date":"2020-02-12T13:17:49","date_gmt":"2020-02-12T12:17:49","guid":{"rendered":"https:\/\/agora.xtec.cat\/ieslajonquera\/?p=1518"},"modified":"2020-02-12T23:05:46","modified_gmt":"2020-02-12T22:05:46","slug":"comunicat-de-lafa-a-les-families","status":"publish","type":"post","link":"https:\/\/agora.xtec.cat\/ieslajonquera\/general\/comunicat-de-lafa-a-les-families\/","title":{"rendered":"comunicat de l&#8217;AFA a les fam\u00edlies"},"content":{"rendered":"<p lang=\"ca-ES\" align=\"justify\"><a href=\"https:\/\/agora.xtec.cat\/ieslajonquera\/wp-content\/uploads\/usu2014\/2019\/09\/logo-afa.png\"><img loading=\"lazy\" decoding=\"async\" class=\"wp-image-1153 alignright\" src=\"https:\/\/agora.xtec.cat\/ieslajonquera\/wp-content\/uploads\/usu2014\/2019\/09\/logo-afa.png\" alt=\"\" width=\"203\" height=\"223\" \/><\/a><\/p>\n<p lang=\"ca-ES\" style=\"text-align: justify;\" align=\"justify\"><span style=\"font-size: medium;\">Benvolgudes fam\u00edlies,\u00a0<\/span><\/p>\n<p style=\"text-align: justify;\" align=\"justify\"><span style=\"font-size: medium;\"><span lang=\"ca-ES\">Us comuniquem que <\/span><\/span><span style=\"font-size: medium;\"><span lang=\"ca-ES\"><b>el dia 17 de febrer del 2020 la junta del l\u2019AFA<\/b><\/span><\/span><span style=\"font-size: medium;\"><span lang=\"ca-ES\">, debatrem en com\u00fa la documentaci\u00f3 respecte el pressupost per aquest curs i els canvis a proposar de cara el curs 2020-2021. Aquesta reuni\u00f3 \u00e9s oberta a totes les persones que formeu part de l\u2019AFA. Ens trobareu <\/span><\/span><span style=\"font-size: medium;\"><span lang=\"ca-ES\"><b>als porxos de Can Laporta a les 7 de la tarda<\/b><\/span><\/span><span style=\"font-size: medium;\"><span lang=\"ca-ES\">. <\/span><\/span><\/p>\n<p lang=\"ca-ES\" style=\"text-align: justify;\" align=\"justify\"><span style=\"font-size: medium;\"><b>Temes a tractar en la reuni\u00f3<\/b><\/span><\/p>\n<p style=\"text-align: justify;\" align=\"justify\"><span style=\"font-size: medium;\"><span lang=\"ca-ES\">L&#8217;estat de comptes actuals del que disposa aquest moment AFA<\/span><\/span><\/p>\n<ul style=\"text-align: justify;\">\n<li>\n<p align=\"justify\"><span style=\"font-size: medium;\"><span lang=\"ca-ES\">Col\u00b7laboracions amb L\u2019IES actuals. &#8230;) Elaborar un nou conveni de col\u00b7laboraci\u00f3<\/span><\/span><\/p>\n<\/li>\n<li>\n<p align=\"justify\"><span style=\"font-size: medium;\"><span lang=\"ca-ES\">Valorar quines despeses que des de l\u2019AFA volem assumir (excursions, busos, material escolar<\/span><\/span><\/p>\n<\/li>\n<li>\n<p align=\"justify\"><span style=\"font-size: medium;\"><span lang=\"ca-ES\">Estudiar modificacions en les quotes<\/span><\/span><\/p>\n<\/li>\n<\/ul>\n<ul style=\"text-align: justify;\">\n<li>\n<p align=\"justify\"><span style=\"font-size: medium;\"><span lang=\"ca-ES\">Activitats i projectes que presenta l\u2019AFA :<\/span><\/span><\/p>\n<\/li>\n<\/ul>\n<p style=\"text-align: justify;\" align=\"justify\"><span style=\"font-size: medium;\"><span lang=\"ca-ES\">1.- Projecte <\/span><\/span><span style=\"font-size: medium;\"><span lang=\"ca-ES\"><b>Socioeducatiu<\/b><\/span><\/span><\/p>\n<p style=\"text-align: justify;\" align=\"justify\"><span style=\"font-size: medium;\"><span lang=\"ca-ES\">2<\/span><\/span><span style=\"font-size: medium;\"><span lang=\"ca-ES\"><b>.- <\/b><\/span><\/span><span style=\"font-size: medium;\"><span lang=\"ca-ES\">Projecte<\/span><\/span><span style=\"font-size: medium;\"><span lang=\"ca-ES\"><b> Viu la festa<\/b><\/span><\/span><\/p>\n<ul style=\"text-align: justify;\">\n<li>\n<p align=\"justify\"><span style=\"font-size: medium;\"><span lang=\"ca-ES\">Gestions actualitzades amb FAPAES<\/span><\/span><\/p>\n<\/li>\n<li>\n<p align=\"justify\"><span style=\"font-size: medium;\"><span lang=\"ca-ES\">Punts a portar a presentar davant l\u2019assemblea<\/span><\/span><\/p>\n<\/li>\n<\/ul>\n<p style=\"text-align: justify;\" align=\"justify\"><span lang=\"ca-ES\">Volem ser transparents amb la informaci\u00f3 i les dades de les que tenim coneixement. La documentaci\u00f3 de l\u2019AFA pot ser consultada de tota persona associada<\/span><span style=\"font-size: medium;\"><span lang=\"ca-ES\">. <\/span><\/span><\/p>\n<p lang=\"ca-ES\" style=\"text-align: justify;\" align=\"justify\"><span style=\"font-size: medium;\">De mica en mica estem regularitzat i actualitzant totes les dades i documentaci\u00f3 que com entitat ens correspon tenir.<\/span><\/p>\n<p lang=\"ca-ES\" style=\"text-align: right;\" align=\"right\"><span style=\"font-size: medium;\">La Jonquera, 12 de Febrer del 2019<\/span><\/p>\n<p lang=\"ca-ES\" style=\"text-align: right;\" align=\"right\"><span style=\"font-size: medium;\">Presidenta de l&#8217;AFA<\/span><\/p>\n<p style=\"text-align: right;\" align=\"right\"><span style=\"font-size: medium;\"><span lang=\"ca-ES\">Loli Martin<\/span><\/span><\/p>\n","protected":false},"excerpt":{"rendered":"<p><a href=\"https:\/\/agora.xtec.cat\/ieslajonquera\/wp-content\/uploads\/usu2014\/2019\/09\/logo-afa.png\"><\/a><br \/>\nBenvolgudes fam\u00edlies,\u00a0<br \/>\nUs comuniquem que el dia 17 de febrer del 2020 la junta del l\u2019AFA, debatrem en com\u00fa la documentaci\u00f3 respecte el pressupost per aquest curs i els canvis a proposar de cara el curs 2020-2021. Aquesta reuni\u00f3 \u00e9s oberta a totes les persones&hellip;  <a href=\"https:\/\/agora.xtec.cat\/ieslajonquera\/general\/comunicat-de-lafa-a-les-families\/\" title=\"Read comunicat de l&#8217;AFA a les fam\u00edlies\">Llegeix m\u00e9s\u00bb<\/a><\/p>\n","protected":false},"author":3,"featured_media":1153,"comment_status":"open","ping_status":"closed","sticky":false,"template":"","format":"standard","meta":{"_bbp_topic_count":0,"_bbp_reply_count":0,"_bbp_total_topic_count":0,"_bbp_total_reply_count":0,"_bbp_voice_count":0,"_bbp_anonymous_reply_count":0,"_bbp_topic_count_hidden":0,"_bbp_reply_count_hidden":0,"_bbp_forum_subforum_count":0,"footnotes":""},"categories":[31,1],"tags":[],"class_list":["post-1518","post","type-post","status-publish","format-standard","has-post-thumbnail","hentry","category-afa-ampa","category-general"],"post_mailing_queue_ids":[],"_links":{"self":[{"href":"https:\/\/agora.xtec.cat\/ieslajonquera\/wp-json\/wp\/v2\/posts\/1518","targetHints":{"allow":["GET"]}}],"collection":[{"href":"https:\/\/agora.xtec.cat\/ieslajonquera\/wp-json\/wp\/v2\/posts"}],"about":[{"href":"https:\/\/agora.xtec.cat\/ieslajonquera\/wp-json\/wp\/v2\/types\/post"}],"author":[{"embeddable":true,"href":"https:\/\/agora.xtec.cat\/ieslajonquera\/wp-json\/wp\/v2\/users\/3"}],"replies":[{"embeddable":true,"href":"https:\/\/agora.xtec.cat\/ieslajonquera\/wp-json\/wp\/v2\/comments?post=1518"}],"version-history":[{"count":4,"href":"https:\/\/agora.xtec.cat\/ieslajonquera\/wp-json\/wp\/v2\/posts\/1518\/revisions"}],"predecessor-version":[{"id":1526,"href":"https:\/\/agora.xtec.cat\/ieslajonquera\/wp-json\/wp\/v2\/posts\/1518\/revisions\/1526"}],"wp:featuredmedia":[{"embeddable":true,"href":"https:\/\/agora.xtec.cat\/ieslajonquera\/wp-json\/wp\/v2\/media\/1153"}],"wp:attachment":[{"href":"https:\/\/agora.xtec.cat\/ieslajonquera\/wp-json\/wp\/v2\/media?parent=1518"}],"wp:term":[{"taxonomy":"category","embeddable":true,"href":"https:\/\/agora.xtec.cat\/ieslajonquera\/wp-json\/wp\/v2\/categories?post=1518"},{"taxonomy":"post_tag","embeddable":true,"href":"https:\/\/agora.xtec.cat\/ieslajonquera\/wp-json\/wp\/v2\/tags?post=1518"}],"curies":[{"name":"wp","href":"https:\/\/api.w.org\/{rel}","templated":true}]}}