{"id":1507,"date":"2020-02-07T09:34:06","date_gmt":"2020-02-07T08:34:06","guid":{"rendered":"https:\/\/agora.xtec.cat\/ieslajonquera\/?p=1507"},"modified":"2020-02-07T14:01:15","modified_gmt":"2020-02-07T13:01:15","slug":"avaluacio-de-competencies-basiques-de-4t-deso-12-i-13-de-febrer","status":"publish","type":"post","link":"https:\/\/agora.xtec.cat\/ieslajonquera\/general\/avaluacio-de-competencies-basiques-de-4t-deso-12-i-13-de-febrer\/","title":{"rendered":"Avaluaci\u00f3 de compet\u00e8ncies b\u00e0siques de 4t d&#8217;ESO: 12 i 13 de febrer"},"content":{"rendered":"<p><img loading=\"lazy\" decoding=\"async\" class=\"aligncenter size-large\" src=\"http:\/\/csda.gencat.cat\/web\/.content\/home\/consell_superior_d_avalua\/imatges\/static_file\/banner-ESO-2020.jpg_1260699425.jpg\" width=\"1029\" height=\"94\" \/><\/p>\n<p style=\"text-align: justify;\">\u00c9s una prova que avalua les compet\u00e8ncies i coneixements b\u00e0sics que ha d&#8217;haver adquirit l&#8217;alumnat al final de l&#8217;educaci\u00f3 secund\u00e0ria obligat\u00f2ria en compet\u00e8ncia comunicativa ling\u00fc\u00edstica (en llengua catalana, castellana i estrangera i en aran\u00e8s a l&#8217;Aran), en compet\u00e8ncia matem\u00e0tica i en compet\u00e8ncia cientificotecnol\u00f2gica. En compet\u00e8ncia comunicativa ling\u00fc\u00edstica en llengua estrangera s&#8217;avaluen l&#8217;angl\u00e8s, el franc\u00e8s i l&#8217;alemany.<\/p>\n<p style=\"text-align: justify;\">\u00c9s una avaluaci\u00f3 externa de car\u00e0cter informatiu, formatiu i orientador, que vol ser una eina al servei dels centres, del professorat i de l&#8217;alumnat per impulsar la millora global del sistema educatiu catal\u00e0. \u00c9s una activitat educativa i, com a tal, t\u00e9 car\u00e0cter obligatori, at\u00e8s que est\u00e0 configurada com un dret i un deure dels alumnes.<\/p>\n<p style=\"text-align: justify;\">Aquest \u00e9s el nov\u00e8 curs que s&#8217;aplica, ja que es va fer per primera vegada el curs 2011-2012.<\/p>\n<p style=\"text-align: justify;\">La prova s&#8217;aplicar\u00e0 el dimecres, dia 12 de febrer, i el dijous, dia 13 de febrer de 2020.<\/p>\n<p>L&#8217;horari de les proves ser\u00e0 el seg\u00fcent:<\/p>\n<p><strong>Dimecres, 12 de febrer<\/strong><\/p>\n<ul>\n<li>9 &#8211; 10.15 h \u00a0 \u00a0 \u00a0 \u00a0 Llengua estrangera<\/li>\n<li>10.15 &#8211; 11.15 h\u00a0 \u00a0Matem\u00e0tiques<\/li>\n<li>11.15 &#8211; 11.45 h\u00a0 \u00a0Descans<\/li>\n<li>11.45 &#8211; 12.45 h\u00a0 \u00a0Llengua catalana<\/li>\n<\/ul>\n<p><strong>Dijous, 13 de febrer<\/strong><\/p>\n<ul>\n<li>9 &#8211; 10.15 h\u00a0 \u00a0 \u00a0 \u00a0 \u00c0mbit cientificotecnol\u00f2gic<\/li>\n<li>10.15 &#8211; 11.15 h\u00a0 Llengua castellana<\/li>\n<li>11.15 &#8211; 11.45 h\u00a0 Descans<\/li>\n<\/ul>\n<p>En els seg\u00fcents enlla\u00e7os teniu m\u00e9s informaci\u00f3 (cliqueu a sobre):<\/p>\n<p><a href=\"http:\/\/csda.gencat.cat\/web\/.content\/home\/consell_superior_d_avalua\/pdf_i_altres\/prova_avaluacio_eso_2020\/info-alumnes-4S-2020.pdf\" target=\"_blank\" rel=\"noopener noreferrer\">Enlla\u00e7 amb informaci\u00f3 per als estudiants<\/a><\/p>\n<p><a href=\"http:\/\/csda.gencat.cat\/web\/.content\/home\/consell_superior_d_avalua\/pdf_i_altres\/prova_avaluacio_eso_2020\/INFO-families-4S-2020.pdf\" target=\"_blank\" rel=\"noopener noreferrer\">Enlla\u00e7 amb informaci\u00f3 per a les fam\u00edlies<\/a><\/p>\n","protected":false},"excerpt":{"rendered":"<p>\u00c9s una prova que avalua les compet\u00e8ncies i coneixements b\u00e0sics que ha d&#8217;haver adquirit l&#8217;alumnat al final de l&#8217;educaci\u00f3 secund\u00e0ria obligat\u00f2ria en compet\u00e8ncia comunicativa ling\u00fc\u00edstica (en llengua catalana, castellana i estrangera i en aran\u00e8s a l&#8217;Aran), en compet\u00e8ncia matem\u00e0tica i en compet\u00e8ncia cientificotecnol\u00f2gica. En compet\u00e8ncia&hellip;  <a href=\"https:\/\/agora.xtec.cat\/ieslajonquera\/general\/avaluacio-de-competencies-basiques-de-4t-deso-12-i-13-de-febrer\/\" title=\"Read Avaluaci\u00f3 de compet\u00e8ncies b\u00e0siques de 4t d&#8217;ESO: 12 i 13 de febrer\">Llegeix m\u00e9s\u00bb<\/a><\/p>\n","protected":false},"author":1,"featured_media":1509,"comment_status":"open","ping_status":"closed","sticky":false,"template":"","format":"standard","meta":{"_bbp_topic_count":0,"_bbp_reply_count":0,"_bbp_total_topic_count":0,"_bbp_total_reply_count":0,"_bbp_voice_count":0,"_bbp_anonymous_reply_count":0,"_bbp_topic_count_hidden":0,"_bbp_reply_count_hidden":0,"_bbp_forum_subforum_count":0,"footnotes":""},"categories":[7,3,1],"tags":[],"class_list":["post-1507","post","type-post","status-publish","format-standard","has-post-thumbnail","hentry","category-eso-4","category-eso","category-general"],"post_mailing_queue_ids":[],"_links":{"self":[{"href":"https:\/\/agora.xtec.cat\/ieslajonquera\/wp-json\/wp\/v2\/posts\/1507","targetHints":{"allow":["GET"]}}],"collection":[{"href":"https:\/\/agora.xtec.cat\/ieslajonquera\/wp-json\/wp\/v2\/posts"}],"about":[{"href":"https:\/\/agora.xtec.cat\/ieslajonquera\/wp-json\/wp\/v2\/types\/post"}],"author":[{"embeddable":true,"href":"https:\/\/agora.xtec.cat\/ieslajonquera\/wp-json\/wp\/v2\/users\/1"}],"replies":[{"embeddable":true,"href":"https:\/\/agora.xtec.cat\/ieslajonquera\/wp-json\/wp\/v2\/comments?post=1507"}],"version-history":[{"count":3,"href":"https:\/\/agora.xtec.cat\/ieslajonquera\/wp-json\/wp\/v2\/posts\/1507\/revisions"}],"predecessor-version":[{"id":1515,"href":"https:\/\/agora.xtec.cat\/ieslajonquera\/wp-json\/wp\/v2\/posts\/1507\/revisions\/1515"}],"wp:featuredmedia":[{"embeddable":true,"href":"https:\/\/agora.xtec.cat\/ieslajonquera\/wp-json\/wp\/v2\/media\/1509"}],"wp:attachment":[{"href":"https:\/\/agora.xtec.cat\/ieslajonquera\/wp-json\/wp\/v2\/media?parent=1507"}],"wp:term":[{"taxonomy":"category","embeddable":true,"href":"https:\/\/agora.xtec.cat\/ieslajonquera\/wp-json\/wp\/v2\/categories?post=1507"},{"taxonomy":"post_tag","embeddable":true,"href":"https:\/\/agora.xtec.cat\/ieslajonquera\/wp-json\/wp\/v2\/tags?post=1507"}],"curies":[{"name":"wp","href":"https:\/\/api.w.org\/{rel}","templated":true}]}}