{"id":1502,"date":"2020-02-06T22:57:39","date_gmt":"2020-02-06T21:57:39","guid":{"rendered":"https:\/\/agora.xtec.cat\/ieslajonquera\/?p=1502"},"modified":"2020-02-06T22:59:50","modified_gmt":"2020-02-06T21:59:50","slug":"gran-exit-de-la-donacio-de-sang-organitzada-pel-servei-comunitari","status":"publish","type":"post","link":"https:\/\/agora.xtec.cat\/ieslajonquera\/general\/gran-exit-de-la-donacio-de-sang-organitzada-pel-servei-comunitari\/","title":{"rendered":"Gran \u00e8xit de la donaci\u00f3 de sang organitzada pel Servei Comunitari"},"content":{"rendered":"<p style=\"text-align: justify;\">La donaci\u00f3 de sang organitzada pel Servei Comunitari que va tenir lloc el passat dimarts 4 de febrer a l&#8217;institut va ser tot un \u00e8xit: 62 persones van donar sang, 19 m\u00e9s que l&#8217;\u00faltim cop que hi havia hagut una donaci\u00f3 a la Jonquera.<\/p>\n<p style=\"text-align: justify;\">Cal destacar, com a curiositat, que el 50% dels donants eren dones i l&#8217;altre 50%, homes.<\/p>\n<p style=\"text-align: justify;\">Molt\u00edssimes gr\u00e0cies als organitzadors i a tots els donants!<\/p>\n<p><a href=\"https:\/\/agora.xtec.cat\/ieslajonquera\/wp-content\/uploads\/usu2014\/2020\/02\/PicsArt_02-06-07.01.18.jpg\"><img loading=\"lazy\" decoding=\"async\" class=\"aligncenter size-full wp-image-1503\" src=\"https:\/\/agora.xtec.cat\/ieslajonquera\/wp-content\/uploads\/usu2014\/2020\/02\/PicsArt_02-06-07.01.18.jpg\" alt=\"\" width=\"326\" height=\"326\" srcset=\"https:\/\/agora.xtec.cat\/ieslajonquera\/wp-content\/uploads\/usu2014\/2020\/02\/PicsArt_02-06-07.01.18.jpg 326w, https:\/\/agora.xtec.cat\/ieslajonquera\/wp-content\/uploads\/usu2014\/2020\/02\/PicsArt_02-06-07.01.18-150x150.jpg 150w, https:\/\/agora.xtec.cat\/ieslajonquera\/wp-content\/uploads\/usu2014\/2020\/02\/PicsArt_02-06-07.01.18-300x300.jpg 300w\" sizes=\"auto, (max-width: 326px) 100vw, 326px\" \/><\/a><\/p>\n","protected":false},"excerpt":{"rendered":"<p>La donaci\u00f3 de sang organitzada pel Servei Comunitari que va tenir lloc el passat dimarts 4 de febrer a l&#8217;institut va ser tot un \u00e8xit: 62 persones van donar sang, 19 m\u00e9s que l&#8217;\u00faltim cop que hi havia hagut una donaci\u00f3 a la Jonquera.<br \/>\nCal destacar,&hellip;  <a href=\"https:\/\/agora.xtec.cat\/ieslajonquera\/general\/gran-exit-de-la-donacio-de-sang-organitzada-pel-servei-comunitari\/\" title=\"Read Gran \u00e8xit de la donaci\u00f3 de sang organitzada pel Servei Comunitari\">Llegeix m\u00e9s\u00bb<\/a><\/p>\n","protected":false},"author":3,"featured_media":1503,"comment_status":"open","ping_status":"closed","sticky":false,"template":"","format":"standard","meta":{"_bbp_topic_count":0,"_bbp_reply_count":0,"_bbp_total_topic_count":0,"_bbp_total_reply_count":0,"_bbp_voice_count":0,"_bbp_anonymous_reply_count":0,"_bbp_topic_count_hidden":0,"_bbp_reply_count_hidden":0,"_bbp_forum_subforum_count":0,"footnotes":""},"categories":[1],"tags":[45,127,122],"class_list":["post-1502","post","type-post","status-publish","format-standard","has-post-thumbnail","hentry","category-general","tag-salut","tag-solidaritat","tag-valors"],"post_mailing_queue_ids":[],"_links":{"self":[{"href":"https:\/\/agora.xtec.cat\/ieslajonquera\/wp-json\/wp\/v2\/posts\/1502","targetHints":{"allow":["GET"]}}],"collection":[{"href":"https:\/\/agora.xtec.cat\/ieslajonquera\/wp-json\/wp\/v2\/posts"}],"about":[{"href":"https:\/\/agora.xtec.cat\/ieslajonquera\/wp-json\/wp\/v2\/types\/post"}],"author":[{"embeddable":true,"href":"https:\/\/agora.xtec.cat\/ieslajonquera\/wp-json\/wp\/v2\/users\/3"}],"replies":[{"embeddable":true,"href":"https:\/\/agora.xtec.cat\/ieslajonquera\/wp-json\/wp\/v2\/comments?post=1502"}],"version-history":[{"count":2,"href":"https:\/\/agora.xtec.cat\/ieslajonquera\/wp-json\/wp\/v2\/posts\/1502\/revisions"}],"predecessor-version":[{"id":1505,"href":"https:\/\/agora.xtec.cat\/ieslajonquera\/wp-json\/wp\/v2\/posts\/1502\/revisions\/1505"}],"wp:featuredmedia":[{"embeddable":true,"href":"https:\/\/agora.xtec.cat\/ieslajonquera\/wp-json\/wp\/v2\/media\/1503"}],"wp:attachment":[{"href":"https:\/\/agora.xtec.cat\/ieslajonquera\/wp-json\/wp\/v2\/media?parent=1502"}],"wp:term":[{"taxonomy":"category","embeddable":true,"href":"https:\/\/agora.xtec.cat\/ieslajonquera\/wp-json\/wp\/v2\/categories?post=1502"},{"taxonomy":"post_tag","embeddable":true,"href":"https:\/\/agora.xtec.cat\/ieslajonquera\/wp-json\/wp\/v2\/tags?post=1502"}],"curies":[{"name":"wp","href":"https:\/\/api.w.org\/{rel}","templated":true}]}}