{"id":1483,"date":"2020-02-05T22:54:52","date_gmt":"2020-02-05T21:54:52","guid":{"rendered":"https:\/\/agora.xtec.cat\/ieslajonquera\/?p=1483"},"modified":"2020-02-05T23:28:35","modified_gmt":"2020-02-05T22:28:35","slug":"acte-commemoratiu-de-lexili-republica","status":"publish","type":"post","link":"https:\/\/agora.xtec.cat\/ieslajonquera\/general\/acte-commemoratiu-de-lexili-republica\/","title":{"rendered":"Acte commemoratiu de l&#8217;exili republic\u00e0"},"content":{"rendered":"<p style=\"text-align: justify;\">El 5 de febrer \u00e9s el Dia Nacional de l&#8217;Exili i la Deportaci\u00f3 i els alumnes de 4t d&#8217;ESO han assistit a l&#8217;acte commemoratiu de l&#8217;exili republic\u00e0 a l&#8217;antic camp de concentraci\u00f3 d&#8217;Argelers i a la Maternitat d&#8217;Elna organitzat pel Servei Educatiu de l&#8217;Alt Empord\u00e0 i el Grup de Treball Exili, Deportaci\u00f3 i Holocaust.<\/p>\n<p style=\"text-align: justify;\">En total, s&#8217;hi han aplegat m\u00e9s de dos-cents alumnes dels instituts de la comarca de l&#8217;Alt Empord\u00e0 que, un cop ha finalitzat l&#8217;acte, han visitat un dels quatre llocs escollits per l&#8217;ocasi\u00f3: Elna (la Maternitat), Ribesaltes (el Memorial del Camp), Cotlliure (la tomba de Machado) i la Jonquera (el MUME).<\/p>\n<p style=\"text-align: justify;\">M\u00e9s fotos <a href=\"https:\/\/drive.google.com\/drive\/folders\/1_4TuGnXTNgQ2XwhRK8wzGsA2s_QCUDeW?usp=sharing\">aqu\u00ed<\/a>.<\/p>\n<p><a href=\"https:\/\/agora.xtec.cat\/ieslajonquera\/wp-content\/uploads\/usu2014\/2020\/02\/IMG-20200205-WA0000.jpg\"><img loading=\"lazy\" decoding=\"async\" class=\"aligncenter size-large wp-image-1484\" src=\"https:\/\/agora.xtec.cat\/ieslajonquera\/wp-content\/uploads\/usu2014\/2020\/02\/IMG-20200205-WA0000-1024x576.jpg\" alt=\"\" width=\"1024\" height=\"576\" \/><\/a><\/p>\n<p>&nbsp;<\/p>\n","protected":false},"excerpt":{"rendered":"<p>El 5 de febrer \u00e9s el Dia Nacional de l&#8217;Exili i la Deportaci\u00f3 i els alumnes de 4t d&#8217;ESO han assistit a l&#8217;acte commemoratiu de l&#8217;exili republic\u00e0 a l&#8217;antic camp de concentraci\u00f3 d&#8217;Argelers i a la Maternitat d&#8217;Elna organitzat pel Servei Educatiu de l&#8217;Alt Empord\u00e0&hellip;  <a href=\"https:\/\/agora.xtec.cat\/ieslajonquera\/general\/acte-commemoratiu-de-lexili-republica\/\" title=\"Read Acte commemoratiu de l&#8217;exili republic\u00e0\">Llegeix m\u00e9s\u00bb<\/a><\/p>\n","protected":false},"author":3,"featured_media":0,"comment_status":"open","ping_status":"closed","sticky":false,"template":"","format":"standard","meta":{"_bbp_topic_count":0,"_bbp_reply_count":0,"_bbp_total_topic_count":0,"_bbp_total_reply_count":0,"_bbp_voice_count":0,"_bbp_anonymous_reply_count":0,"_bbp_topic_count_hidden":0,"_bbp_reply_count_hidden":0,"_bbp_forum_subforum_count":0,"footnotes":""},"categories":[7,3,1],"tags":[39],"class_list":["post-1483","post","type-post","status-publish","format-standard","hentry","category-eso-4","category-eso","category-general","tag-sortides"],"post_mailing_queue_ids":[],"_links":{"self":[{"href":"https:\/\/agora.xtec.cat\/ieslajonquera\/wp-json\/wp\/v2\/posts\/1483","targetHints":{"allow":["GET"]}}],"collection":[{"href":"https:\/\/agora.xtec.cat\/ieslajonquera\/wp-json\/wp\/v2\/posts"}],"about":[{"href":"https:\/\/agora.xtec.cat\/ieslajonquera\/wp-json\/wp\/v2\/types\/post"}],"author":[{"embeddable":true,"href":"https:\/\/agora.xtec.cat\/ieslajonquera\/wp-json\/wp\/v2\/users\/3"}],"replies":[{"embeddable":true,"href":"https:\/\/agora.xtec.cat\/ieslajonquera\/wp-json\/wp\/v2\/comments?post=1483"}],"version-history":[{"count":2,"href":"https:\/\/agora.xtec.cat\/ieslajonquera\/wp-json\/wp\/v2\/posts\/1483\/revisions"}],"predecessor-version":[{"id":1496,"href":"https:\/\/agora.xtec.cat\/ieslajonquera\/wp-json\/wp\/v2\/posts\/1483\/revisions\/1496"}],"wp:attachment":[{"href":"https:\/\/agora.xtec.cat\/ieslajonquera\/wp-json\/wp\/v2\/media?parent=1483"}],"wp:term":[{"taxonomy":"category","embeddable":true,"href":"https:\/\/agora.xtec.cat\/ieslajonquera\/wp-json\/wp\/v2\/categories?post=1483"},{"taxonomy":"post_tag","embeddable":true,"href":"https:\/\/agora.xtec.cat\/ieslajonquera\/wp-json\/wp\/v2\/tags?post=1483"}],"curies":[{"name":"wp","href":"https:\/\/api.w.org\/{rel}","templated":true}]}}