{"id":1467,"date":"2020-01-30T12:02:40","date_gmt":"2020-01-30T11:02:40","guid":{"rendered":"https:\/\/agora.xtec.cat\/ieslajonquera\/?p=1467"},"modified":"2020-01-30T12:11:39","modified_gmt":"2020-01-30T11:11:39","slug":"la-historia-dels-superherois-de-la-sang","status":"publish","type":"post","link":"https:\/\/agora.xtec.cat\/ieslajonquera\/general\/la-historia-dels-superherois-de-la-sang\/","title":{"rendered":"La hist\u00f2ria dels superherois de la sang"},"content":{"rendered":"<p style=\"text-align: justify;\">El dimarts 28 de gener, els alumnes de 4t d&#8217;ESO que fan el Servei Comunitari i organitzen la donaci\u00f3 amb el Banc de Sang van anar a l&#8217;escola de la Jonquera a explicar el conte &#8220;La hist\u00f2ria dels superherois de la sang&#8221;. Els van regalar contes i van fer difusi\u00f3 del dia de la donaci\u00f3.<a href=\"https:\/\/agora.xtec.cat\/ieslajonquera\/wp-content\/uploads\/usu2014\/2020\/01\/IMG-20200130-WA0000.jpg\"><img loading=\"lazy\" decoding=\"async\" class=\"aligncenter size-large wp-image-1468\" src=\"https:\/\/agora.xtec.cat\/ieslajonquera\/wp-content\/uploads\/usu2014\/2020\/01\/IMG-20200130-WA0000-1024x498.jpg\" alt=\"\" width=\"1024\" height=\"498\" \/><\/a><\/p>\n","protected":false},"excerpt":{"rendered":"<p>El dimarts 28 de gener, els alumnes de 4t d&#8217;ESO que fan el Servei Comunitari i organitzen la donaci\u00f3 amb el Banc de Sang van anar a l&#8217;escola de la Jonquera a explicar el conte &#8220;La hist\u00f2ria dels superherois de la sang&#8221;. Els van regalar&hellip;  <a href=\"https:\/\/agora.xtec.cat\/ieslajonquera\/general\/la-historia-dels-superherois-de-la-sang\/\" title=\"Read La hist\u00f2ria dels superherois de la sang\">Llegeix m\u00e9s\u00bb<\/a><\/p>\n","protected":false},"author":3,"featured_media":0,"comment_status":"open","ping_status":"closed","sticky":false,"template":"","format":"standard","meta":{"_bbp_topic_count":0,"_bbp_reply_count":0,"_bbp_total_topic_count":0,"_bbp_total_reply_count":0,"_bbp_voice_count":0,"_bbp_anonymous_reply_count":0,"_bbp_topic_count_hidden":0,"_bbp_reply_count_hidden":0,"_bbp_forum_subforum_count":0,"footnotes":""},"categories":[3,1],"tags":[45,127,122],"class_list":["post-1467","post","type-post","status-publish","format-standard","hentry","category-eso","category-general","tag-salut","tag-solidaritat","tag-valors"],"post_mailing_queue_ids":[],"_links":{"self":[{"href":"https:\/\/agora.xtec.cat\/ieslajonquera\/wp-json\/wp\/v2\/posts\/1467","targetHints":{"allow":["GET"]}}],"collection":[{"href":"https:\/\/agora.xtec.cat\/ieslajonquera\/wp-json\/wp\/v2\/posts"}],"about":[{"href":"https:\/\/agora.xtec.cat\/ieslajonquera\/wp-json\/wp\/v2\/types\/post"}],"author":[{"embeddable":true,"href":"https:\/\/agora.xtec.cat\/ieslajonquera\/wp-json\/wp\/v2\/users\/3"}],"replies":[{"embeddable":true,"href":"https:\/\/agora.xtec.cat\/ieslajonquera\/wp-json\/wp\/v2\/comments?post=1467"}],"version-history":[{"count":1,"href":"https:\/\/agora.xtec.cat\/ieslajonquera\/wp-json\/wp\/v2\/posts\/1467\/revisions"}],"predecessor-version":[{"id":1470,"href":"https:\/\/agora.xtec.cat\/ieslajonquera\/wp-json\/wp\/v2\/posts\/1467\/revisions\/1470"}],"wp:attachment":[{"href":"https:\/\/agora.xtec.cat\/ieslajonquera\/wp-json\/wp\/v2\/media?parent=1467"}],"wp:term":[{"taxonomy":"category","embeddable":true,"href":"https:\/\/agora.xtec.cat\/ieslajonquera\/wp-json\/wp\/v2\/categories?post=1467"},{"taxonomy":"post_tag","embeddable":true,"href":"https:\/\/agora.xtec.cat\/ieslajonquera\/wp-json\/wp\/v2\/tags?post=1467"}],"curies":[{"name":"wp","href":"https:\/\/api.w.org\/{rel}","templated":true}]}}