{"id":1462,"date":"2020-01-28T23:00:50","date_gmt":"2020-01-28T22:00:50","guid":{"rendered":"https:\/\/agora.xtec.cat\/ieslajonquera\/?p=1462"},"modified":"2020-01-28T23:00:50","modified_gmt":"2020-01-28T22:00:50","slug":"donacio-de-sang-el-proper-dimarts-4-de-febrer","status":"publish","type":"post","link":"https:\/\/agora.xtec.cat\/ieslajonquera\/general\/donacio-de-sang-el-proper-dimarts-4-de-febrer\/","title":{"rendered":"Donaci\u00f3 de sang el proper dimarts, 4 de febrer"},"content":{"rendered":"<p>Els alumnes de 4t d&#8217;Eso han organitzat una jornada de donaci\u00f3 de sang a l&#8217;institut que tindr\u00e0 lloc el proper dimarts, 4 de febrer. La iniciativa forma part del Servei Comunitari i est\u00e0 oberta a qualsevol persona que hi vulgui participar.\u00a0<a href=\"https:\/\/agora.xtec.cat\/ieslajonquera\/wp-content\/uploads\/usu2014\/2020\/01\/IMG-20200124-WA0000.jpg\"><img loading=\"lazy\" decoding=\"async\" class=\"aligncenter  wp-image-1463\" src=\"https:\/\/agora.xtec.cat\/ieslajonquera\/wp-content\/uploads\/usu2014\/2020\/01\/IMG-20200124-WA0000-724x1024.jpg\" alt=\"\" width=\"376\" height=\"532\" \/><\/a><\/p>\n","protected":false},"excerpt":{"rendered":"<p>Els alumnes de 4t d&#8217;Eso han organitzat una jornada de donaci\u00f3 de sang a l&#8217;institut que tindr\u00e0 lloc el proper dimarts, 4 de febrer. La iniciativa forma part del Servei Comunitari i est\u00e0 oberta a qualsevol persona que hi vulgui participar.\u00a0<a href=\"https:\/\/agora.xtec.cat\/ieslajonquera\/wp-content\/uploads\/usu2014\/2020\/01\/IMG-20200124-WA0000.jpg\"><\/a><\/p>\n","protected":false},"author":3,"featured_media":0,"comment_status":"open","ping_status":"closed","sticky":false,"template":"","format":"standard","meta":{"_bbp_topic_count":0,"_bbp_reply_count":0,"_bbp_total_topic_count":0,"_bbp_total_reply_count":0,"_bbp_voice_count":0,"_bbp_anonymous_reply_count":0,"_bbp_topic_count_hidden":0,"_bbp_reply_count_hidden":0,"_bbp_forum_subforum_count":0,"footnotes":""},"categories":[7,3,1],"tags":[45,127,122],"class_list":["post-1462","post","type-post","status-publish","format-standard","hentry","category-eso-4","category-eso","category-general","tag-salut","tag-solidaritat","tag-valors"],"post_mailing_queue_ids":[],"_links":{"self":[{"href":"https:\/\/agora.xtec.cat\/ieslajonquera\/wp-json\/wp\/v2\/posts\/1462","targetHints":{"allow":["GET"]}}],"collection":[{"href":"https:\/\/agora.xtec.cat\/ieslajonquera\/wp-json\/wp\/v2\/posts"}],"about":[{"href":"https:\/\/agora.xtec.cat\/ieslajonquera\/wp-json\/wp\/v2\/types\/post"}],"author":[{"embeddable":true,"href":"https:\/\/agora.xtec.cat\/ieslajonquera\/wp-json\/wp\/v2\/users\/3"}],"replies":[{"embeddable":true,"href":"https:\/\/agora.xtec.cat\/ieslajonquera\/wp-json\/wp\/v2\/comments?post=1462"}],"version-history":[{"count":1,"href":"https:\/\/agora.xtec.cat\/ieslajonquera\/wp-json\/wp\/v2\/posts\/1462\/revisions"}],"predecessor-version":[{"id":1464,"href":"https:\/\/agora.xtec.cat\/ieslajonquera\/wp-json\/wp\/v2\/posts\/1462\/revisions\/1464"}],"wp:attachment":[{"href":"https:\/\/agora.xtec.cat\/ieslajonquera\/wp-json\/wp\/v2\/media?parent=1462"}],"wp:term":[{"taxonomy":"category","embeddable":true,"href":"https:\/\/agora.xtec.cat\/ieslajonquera\/wp-json\/wp\/v2\/categories?post=1462"},{"taxonomy":"post_tag","embeddable":true,"href":"https:\/\/agora.xtec.cat\/ieslajonquera\/wp-json\/wp\/v2\/tags?post=1462"}],"curies":[{"name":"wp","href":"https:\/\/api.w.org\/{rel}","templated":true}]}}