{"id":1443,"date":"2020-01-24T12:44:09","date_gmt":"2020-01-24T11:44:09","guid":{"rendered":"https:\/\/agora.xtec.cat\/ieslajonquera\/?p=1443"},"modified":"2020-01-24T12:44:48","modified_gmt":"2020-01-24T11:44:48","slug":"reunio-informativa-families-dalumnes-de-2n-deso","status":"publish","type":"post","link":"https:\/\/agora.xtec.cat\/ieslajonquera\/general\/reunio-informativa-families-dalumnes-de-2n-deso\/","title":{"rendered":"Reuni\u00f3 informativa fam\u00edlies d&#8217;alumnes de 2n d&#8217;ESO"},"content":{"rendered":"<p style=\"text-align: justify;\">Els professors\/es responsables de la sortida del Treball de S\u00edntesi de 2n d\u2019ESO els convoquem el dia <strong>28 de gener<\/strong> a una <strong>reuni\u00f3 informativa<\/strong> que se celebrar\u00e0 a l\u2019Institut (a l\u2019aula de 2n d\u2019ESO A) a les <strong>19h<\/strong>.<\/p>\n<p style=\"text-align: justify;\">El <strong>Treball de S\u00edntesi de 2n d\u2019ESO<\/strong> tindr\u00e0 lloc al Canig\u00f3 (Prada de Conflent, Estat Franc\u00e8s) els dies 20, 21 i 22 d\u2019abril. Com que es tracta d\u2019una sortida internacional, parlarem de tota la documentaci\u00f3 que cal tenir per tal de poder anar-hi. Explicarem tamb\u00e9 les activitats en qu\u00e8 participaran els vostres fills, aix\u00ed com el llistat de tot all\u00f2 que necessiten.<\/p>\n<p style=\"text-align: justify;\">En cas que no pugueu assistir-hi, aviseu a la tutora.<\/p>\n","protected":false},"excerpt":{"rendered":"<p>Els professors\/es responsables de la sortida del Treball de S\u00edntesi de 2n d\u2019ESO els convoquem el dia 28 de gener a una reuni\u00f3 informativa que se celebrar\u00e0 a l\u2019Institut (a l\u2019aula de 2n d\u2019ESO A) a les 19h.<br \/>\nEl Treball de S\u00edntesi de 2n d\u2019ESO tindr\u00e0&hellip;  <a href=\"https:\/\/agora.xtec.cat\/ieslajonquera\/general\/reunio-informativa-families-dalumnes-de-2n-deso\/\" title=\"Read Reuni\u00f3 informativa fam\u00edlies d&#8217;alumnes de 2n d&#8217;ESO\">Llegeix m\u00e9s\u00bb<\/a><\/p>\n","protected":false},"author":3,"featured_media":0,"comment_status":"open","ping_status":"closed","sticky":false,"template":"","format":"standard","meta":{"_bbp_topic_count":0,"_bbp_reply_count":0,"_bbp_total_topic_count":0,"_bbp_total_reply_count":0,"_bbp_voice_count":0,"_bbp_anonymous_reply_count":0,"_bbp_topic_count_hidden":0,"_bbp_reply_count_hidden":0,"_bbp_forum_subforum_count":0,"footnotes":""},"categories":[5,1],"tags":[123],"class_list":["post-1443","post","type-post","status-publish","format-standard","hentry","category-eso-2","category-general","tag-estades"],"post_mailing_queue_ids":[],"_links":{"self":[{"href":"https:\/\/agora.xtec.cat\/ieslajonquera\/wp-json\/wp\/v2\/posts\/1443","targetHints":{"allow":["GET"]}}],"collection":[{"href":"https:\/\/agora.xtec.cat\/ieslajonquera\/wp-json\/wp\/v2\/posts"}],"about":[{"href":"https:\/\/agora.xtec.cat\/ieslajonquera\/wp-json\/wp\/v2\/types\/post"}],"author":[{"embeddable":true,"href":"https:\/\/agora.xtec.cat\/ieslajonquera\/wp-json\/wp\/v2\/users\/3"}],"replies":[{"embeddable":true,"href":"https:\/\/agora.xtec.cat\/ieslajonquera\/wp-json\/wp\/v2\/comments?post=1443"}],"version-history":[{"count":2,"href":"https:\/\/agora.xtec.cat\/ieslajonquera\/wp-json\/wp\/v2\/posts\/1443\/revisions"}],"predecessor-version":[{"id":1445,"href":"https:\/\/agora.xtec.cat\/ieslajonquera\/wp-json\/wp\/v2\/posts\/1443\/revisions\/1445"}],"wp:attachment":[{"href":"https:\/\/agora.xtec.cat\/ieslajonquera\/wp-json\/wp\/v2\/media?parent=1443"}],"wp:term":[{"taxonomy":"category","embeddable":true,"href":"https:\/\/agora.xtec.cat\/ieslajonquera\/wp-json\/wp\/v2\/categories?post=1443"},{"taxonomy":"post_tag","embeddable":true,"href":"https:\/\/agora.xtec.cat\/ieslajonquera\/wp-json\/wp\/v2\/tags?post=1443"}],"curies":[{"name":"wp","href":"https:\/\/api.w.org\/{rel}","templated":true}]}}