{"id":1433,"date":"2020-01-22T18:21:58","date_gmt":"2020-01-22T17:21:58","guid":{"rendered":"https:\/\/agora.xtec.cat\/ieslajonquera\/?p=1433"},"modified":"2020-01-22T19:57:11","modified_gmt":"2020-01-22T18:57:11","slug":"dijous-23-de-gener-linstitut-romandra-tancat","status":"publish","type":"post","link":"https:\/\/agora.xtec.cat\/ieslajonquera\/general\/dijous-23-de-gener-linstitut-romandra-tancat\/","title":{"rendered":"Dijous 23 de gener l\u2019institut romandr\u00e0 tancat"},"content":{"rendered":"<header class=\"entry-header\">\n<div class=\"edit-link\"><span class=\"entry-date\">\u00a0\u00a0<\/span><\/div>\n<\/header>\n<div class=\"entry-summary\">\n<p>Benvolgudes fam\u00edlies,<\/p>\n<p>Per indicacions de l\u2019alcaldessa de la Jonquera i seguint les recomanacions del Dept. d\u2019Interior, Dept. d\u2019Educaci\u00f3 i del Consell comarcal de l\u2019Alt Empord\u00e0, l\u2019institut romandr\u00e0 tancat tamb\u00e9 dem\u00e0 dijous 23 de gener de 2020 per inclem\u00e8ncies meteorol\u00f2giques.<\/p>\n<p>Podeu cosultar el comunicat oficial a l\u2019enlla\u00e7:\u00a0<a href=\"http:\/\/www.lajonquera.cat\/promocio-variable\/suspeses-les-classes-als-centres-educatius-de-la-jonquera\/\" target=\"_blank\" rel=\"noopener noreferrer\">http:\/\/www.lajonquera.cat\/promocio-variable\/suspeses-les-classes-als-centres-educatius-de-la-jonquera\/<\/a><\/p>\n<p>Tamb\u00e9 podeu consultar l\u2019enlla\u00e7 de la web del Consell comarcal on s\u2019avisa de la suspensi\u00f3 del transport escolar:\u00a0<a href=\"https:\/\/www.altemporda.org\/portal\/component\/content\/article\/189-noticies\/4061-comunicat-de-suspensio-del-transport-escolar?Itemid=490\" target=\"_blank\" rel=\"noopener noreferrer\">https:\/\/www.altemporda.org\/portal\/component\/content\/article\/189-noticies\/4061-comunicat-de-suspensio-del-transport-escolar?Itemid=490<\/a><\/p>\n<p style=\"text-align: center;\"><img loading=\"lazy\" decoding=\"async\" class=\"aligncenter size-large\" src=\"http:\/\/www.lajonquera.cat\/media\/sites\/106\/82485403_2551602531629344_5297028087219748864_n.png\" width=\"761\" height=\"340\" \/><\/p>\n<\/div>\n","protected":false},"excerpt":{"rendered":"<p>\u00a0\u00a0<\/p>\n<p>Benvolgudes fam\u00edlies,<br \/>\nPer indicacions de l\u2019alcaldessa de la Jonquera i seguint les recomanacions del Dept. d\u2019Interior, Dept. d\u2019Educaci\u00f3 i del Consell comarcal de l\u2019Alt Empord\u00e0, l\u2019institut romandr\u00e0 tancat tamb\u00e9 dem\u00e0 dijous 23 de gener de 2020 per inclem\u00e8ncies meteorol\u00f2giques.<br \/>\nPodeu cosultar el comunicat oficial a l\u2019enlla\u00e7:\u00a0<a href=\"http:\/\/www.lajonquera.cat\/promocio-variable\/suspeses-les-classes-als-centres-educatius-de-la-jonquera\/\"&hellip;  <a href=\"https:\/\/agora.xtec.cat\/ieslajonquera\/general\/dijous-23-de-gener-linstitut-romandra-tancat\/\" title=\"Read Dijous 23 de gener l\u2019institut romandr\u00e0 tancat\">Llegeix m\u00e9s\u00bb<\/a><\/p>\n","protected":false},"author":3,"featured_media":0,"comment_status":"open","ping_status":"closed","sticky":false,"template":"","format":"standard","meta":{"_bbp_topic_count":0,"_bbp_reply_count":0,"_bbp_total_topic_count":0,"_bbp_total_reply_count":0,"_bbp_voice_count":0,"_bbp_anonymous_reply_count":0,"_bbp_topic_count_hidden":0,"_bbp_reply_count_hidden":0,"_bbp_forum_subforum_count":0,"footnotes":""},"categories":[1],"tags":[],"class_list":["post-1433","post","type-post","status-publish","format-standard","hentry","category-general"],"post_mailing_queue_ids":[],"_links":{"self":[{"href":"https:\/\/agora.xtec.cat\/ieslajonquera\/wp-json\/wp\/v2\/posts\/1433","targetHints":{"allow":["GET"]}}],"collection":[{"href":"https:\/\/agora.xtec.cat\/ieslajonquera\/wp-json\/wp\/v2\/posts"}],"about":[{"href":"https:\/\/agora.xtec.cat\/ieslajonquera\/wp-json\/wp\/v2\/types\/post"}],"author":[{"embeddable":true,"href":"https:\/\/agora.xtec.cat\/ieslajonquera\/wp-json\/wp\/v2\/users\/3"}],"replies":[{"embeddable":true,"href":"https:\/\/agora.xtec.cat\/ieslajonquera\/wp-json\/wp\/v2\/comments?post=1433"}],"version-history":[{"count":2,"href":"https:\/\/agora.xtec.cat\/ieslajonquera\/wp-json\/wp\/v2\/posts\/1433\/revisions"}],"predecessor-version":[{"id":1435,"href":"https:\/\/agora.xtec.cat\/ieslajonquera\/wp-json\/wp\/v2\/posts\/1433\/revisions\/1435"}],"wp:attachment":[{"href":"https:\/\/agora.xtec.cat\/ieslajonquera\/wp-json\/wp\/v2\/media?parent=1433"}],"wp:term":[{"taxonomy":"category","embeddable":true,"href":"https:\/\/agora.xtec.cat\/ieslajonquera\/wp-json\/wp\/v2\/categories?post=1433"},{"taxonomy":"post_tag","embeddable":true,"href":"https:\/\/agora.xtec.cat\/ieslajonquera\/wp-json\/wp\/v2\/tags?post=1433"}],"curies":[{"name":"wp","href":"https:\/\/api.w.org\/{rel}","templated":true}]}}