{"id":1429,"date":"2020-01-21T20:51:21","date_gmt":"2020-01-21T19:51:21","guid":{"rendered":"https:\/\/agora.xtec.cat\/ieslajonquera\/?p=1429"},"modified":"2020-01-21T20:52:28","modified_gmt":"2020-01-21T19:52:28","slug":"dimecres-22-de-gener-linstitut-romandra-tancat","status":"publish","type":"post","link":"https:\/\/agora.xtec.cat\/ieslajonquera\/general\/dimecres-22-de-gener-linstitut-romandra-tancat\/","title":{"rendered":"Dimecres 22 de gener l&#8217;institut romandr\u00e0 tancat"},"content":{"rendered":"<p>Benvolgudes fam\u00edlies,<\/p>\n<p>Per indicacions de l&#8217;alcaldessa de la Jonquera i seguint les recomanacions del Dept. d&#8217;Interior, Dept. d&#8217;Educaci\u00f3 i del Consell comarcal de l&#8217;Alt Empord\u00e0, l&#8217;institut romandr\u00e0 tancat dimecres 22 de gener de 2020 per inclem\u00e8ncies meteorol\u00f2giques.<\/p>\n<p>Podeu cosultar el comunicat oficial a l&#8217;enlla\u00e7:\u00a0<a href=\"http:\/\/www.lajonquera.cat\/promocio-variable\/suspeses-les-classes-als-centres-educatius-de-la-jonquera\/\" target=\"_blank\" rel=\"noopener noreferrer\">http:\/\/www.lajonquera.cat\/promocio-variable\/suspeses-les-classes-als-centres-educatius-de-la-jonquera\/<\/a><\/p>\n<p>Tamb\u00e9 podeu consultar l&#8217;enlla\u00e7 de la web del Consell comarcal on s&#8217;avisa de la suspensi\u00f3 del transport escolar:\u00a0<a href=\"https:\/\/www.altemporda.org\/portal\/component\/content\/article\/189-noticies\/4061-comunicat-de-suspensio-del-transport-escolar?Itemid=490\" target=\"_blank\" rel=\"noopener noreferrer\">https:\/\/www.altemporda.org\/portal\/component\/content\/article\/189-noticies\/4061-comunicat-de-suspensio-del-transport-escolar?Itemid=490<\/a><\/p>\n<p><a href=\"http:\/\/www.lajonquera.cat\/media\/sites\/106\/82602370_3366981073317272_4655138997129969664_n.jpg\"><img loading=\"lazy\" decoding=\"async\" class=\"aligncenter size-large\" src=\"http:\/\/www.lajonquera.cat\/media\/sites\/106\/82602370_3366981073317272_4655138997129969664_n.jpg\" width=\"600\" height=\"400\" \/><\/a><\/p>\n","protected":false},"excerpt":{"rendered":"<p>Benvolgudes fam\u00edlies,<br \/>\nPer indicacions de l&#8217;alcaldessa de la Jonquera i seguint les recomanacions del Dept. d&#8217;Interior, Dept. d&#8217;Educaci\u00f3 i del Consell comarcal de l&#8217;Alt Empord\u00e0, l&#8217;institut romandr\u00e0 tancat dimecres 22 de gener de 2020 per inclem\u00e8ncies meteorol\u00f2giques.<br \/>\nPodeu cosultar el comunicat oficial a l&#8217;enlla\u00e7:\u00a0<a href=\"http:\/\/www.lajonquera.cat\/promocio-variable\/suspeses-les-classes-als-centres-educatius-de-la-jonquera\/\" target=\"_blank\" rel=\"noopener&hellip;  <a href=\"https:\/\/agora.xtec.cat\/ieslajonquera\/general\/dimecres-22-de-gener-linstitut-romandra-tancat\/\" title=\"Read Dimecres 22 de gener l&#8217;institut romandr\u00e0 tancat\">Llegeix m\u00e9s\u00bb<\/a><\/p>\n","protected":false},"author":1,"featured_media":1431,"comment_status":"open","ping_status":"closed","sticky":false,"template":"","format":"standard","meta":{"_bbp_topic_count":0,"_bbp_reply_count":0,"_bbp_total_topic_count":0,"_bbp_total_reply_count":0,"_bbp_voice_count":0,"_bbp_anonymous_reply_count":0,"_bbp_topic_count_hidden":0,"_bbp_reply_count_hidden":0,"_bbp_forum_subforum_count":0,"footnotes":""},"categories":[31,1],"tags":[],"class_list":["post-1429","post","type-post","status-publish","format-standard","has-post-thumbnail","hentry","category-afa-ampa","category-general"],"post_mailing_queue_ids":[],"_links":{"self":[{"href":"https:\/\/agora.xtec.cat\/ieslajonquera\/wp-json\/wp\/v2\/posts\/1429","targetHints":{"allow":["GET"]}}],"collection":[{"href":"https:\/\/agora.xtec.cat\/ieslajonquera\/wp-json\/wp\/v2\/posts"}],"about":[{"href":"https:\/\/agora.xtec.cat\/ieslajonquera\/wp-json\/wp\/v2\/types\/post"}],"author":[{"embeddable":true,"href":"https:\/\/agora.xtec.cat\/ieslajonquera\/wp-json\/wp\/v2\/users\/1"}],"replies":[{"embeddable":true,"href":"https:\/\/agora.xtec.cat\/ieslajonquera\/wp-json\/wp\/v2\/comments?post=1429"}],"version-history":[{"count":2,"href":"https:\/\/agora.xtec.cat\/ieslajonquera\/wp-json\/wp\/v2\/posts\/1429\/revisions"}],"predecessor-version":[{"id":1432,"href":"https:\/\/agora.xtec.cat\/ieslajonquera\/wp-json\/wp\/v2\/posts\/1429\/revisions\/1432"}],"wp:featuredmedia":[{"embeddable":true,"href":"https:\/\/agora.xtec.cat\/ieslajonquera\/wp-json\/wp\/v2\/media\/1431"}],"wp:attachment":[{"href":"https:\/\/agora.xtec.cat\/ieslajonquera\/wp-json\/wp\/v2\/media?parent=1429"}],"wp:term":[{"taxonomy":"category","embeddable":true,"href":"https:\/\/agora.xtec.cat\/ieslajonquera\/wp-json\/wp\/v2\/categories?post=1429"},{"taxonomy":"post_tag","embeddable":true,"href":"https:\/\/agora.xtec.cat\/ieslajonquera\/wp-json\/wp\/v2\/tags?post=1429"}],"curies":[{"name":"wp","href":"https:\/\/api.w.org\/{rel}","templated":true}]}}