{"id":1423,"date":"2020-01-14T19:09:58","date_gmt":"2020-01-14T18:09:58","guid":{"rendered":"https:\/\/agora.xtec.cat\/ieslajonquera\/?p=1423"},"modified":"2020-01-14T19:28:11","modified_gmt":"2020-01-14T18:28:11","slug":"novetats-a-la-biblioteca","status":"publish","type":"post","link":"https:\/\/agora.xtec.cat\/ieslajonquera\/general\/novetats-a-la-biblioteca\/","title":{"rendered":"Novetats a la biblioteca"},"content":{"rendered":"<p style=\"text-align: justify;\">Ja tenim a la Biblioteca del Centre els llibres que hem rebut de la subvenci\u00f3 del &#8220;Pacto de Estado contra la violencia de g\u00e9nero&#8221;. Aquest pacte \u00e9s un acord social, pol\u00edtic i institucional que pret\u00e9n adoptar mesures per tal d&#8217;erradicar la viol\u00e8ncia de g\u00e8nere, entre les quals hi ha el foment d&#8217;accions de sensibilitzaci\u00f3 i prevenci\u00f3 de la viol\u00e8ncia de g\u00e8nere sobre la desigualtat de g\u00e8nere i les conseq\u00fc\u00e8ncies que t\u00e9 en la vida de les dones, les noies i les nenes. Una d&#8217;aquestes accions ha estat el fet que h\u00e0gim pogut demanar un munt de llibres sobre la sexualitat i els t\u00f2pics socials en format de novel\u00b7la, c\u00f2mic, manga i assaig. A l&#8217;<a href=\"https:\/\/aplicacions.gestioeducativa.gencat.cat\/epergam\/web\/biblioteca.jsp\">eP\u00e8rgam<\/a> en trobareu algunes recomanacions: no us les perdeu!<\/p>\n<p><a href=\"https:\/\/agora.xtec.cat\/ieslajonquera\/wp-content\/uploads\/usu2014\/2020\/01\/IMG_20200114_190507.jpg\"><img loading=\"lazy\" decoding=\"async\" class=\"aligncenter wp-image-1424 \" src=\"https:\/\/agora.xtec.cat\/ieslajonquera\/wp-content\/uploads\/usu2014\/2020\/01\/IMG_20200114_190507-300x230.jpg\" alt=\"\" width=\"556\" height=\"426\" srcset=\"https:\/\/agora.xtec.cat\/ieslajonquera\/wp-content\/uploads\/usu2014\/2020\/01\/IMG_20200114_190507-300x230.jpg 300w, https:\/\/agora.xtec.cat\/ieslajonquera\/wp-content\/uploads\/usu2014\/2020\/01\/IMG_20200114_190507-768x589.jpg 768w, https:\/\/agora.xtec.cat\/ieslajonquera\/wp-content\/uploads\/usu2014\/2020\/01\/IMG_20200114_190507-1024x785.jpg 1024w, https:\/\/agora.xtec.cat\/ieslajonquera\/wp-content\/uploads\/usu2014\/2020\/01\/IMG_20200114_190507.jpg 1343w\" sizes=\"auto, (max-width: 556px) 100vw, 556px\" \/><\/a><\/p>\n","protected":false},"excerpt":{"rendered":"<p>Ja tenim a la Biblioteca del Centre els llibres que hem rebut de la subvenci\u00f3 del &#8220;Pacto de Estado contra la violencia de g\u00e9nero&#8221;. Aquest pacte \u00e9s un acord social, pol\u00edtic i institucional que pret\u00e9n adoptar mesures per tal d&#8217;erradicar la viol\u00e8ncia de g\u00e8nere, entre&hellip;  <a href=\"https:\/\/agora.xtec.cat\/ieslajonquera\/general\/novetats-a-la-biblioteca\/\" title=\"Read Novetats a la biblioteca\">Llegeix m\u00e9s\u00bb<\/a><\/p>\n","protected":false},"author":3,"featured_media":1424,"comment_status":"open","ping_status":"closed","sticky":false,"template":"","format":"standard","meta":{"_bbp_topic_count":0,"_bbp_reply_count":0,"_bbp_total_topic_count":0,"_bbp_total_reply_count":0,"_bbp_voice_count":0,"_bbp_anonymous_reply_count":0,"_bbp_topic_count_hidden":0,"_bbp_reply_count_hidden":0,"_bbp_forum_subforum_count":0,"footnotes":""},"categories":[1],"tags":[113,124],"class_list":["post-1423","post","type-post","status-publish","format-standard","has-post-thumbnail","hentry","category-general","tag-biblioteca","tag-literatura"],"post_mailing_queue_ids":[],"_links":{"self":[{"href":"https:\/\/agora.xtec.cat\/ieslajonquera\/wp-json\/wp\/v2\/posts\/1423","targetHints":{"allow":["GET"]}}],"collection":[{"href":"https:\/\/agora.xtec.cat\/ieslajonquera\/wp-json\/wp\/v2\/posts"}],"about":[{"href":"https:\/\/agora.xtec.cat\/ieslajonquera\/wp-json\/wp\/v2\/types\/post"}],"author":[{"embeddable":true,"href":"https:\/\/agora.xtec.cat\/ieslajonquera\/wp-json\/wp\/v2\/users\/3"}],"replies":[{"embeddable":true,"href":"https:\/\/agora.xtec.cat\/ieslajonquera\/wp-json\/wp\/v2\/comments?post=1423"}],"version-history":[{"count":1,"href":"https:\/\/agora.xtec.cat\/ieslajonquera\/wp-json\/wp\/v2\/posts\/1423\/revisions"}],"predecessor-version":[{"id":1425,"href":"https:\/\/agora.xtec.cat\/ieslajonquera\/wp-json\/wp\/v2\/posts\/1423\/revisions\/1425"}],"wp:featuredmedia":[{"embeddable":true,"href":"https:\/\/agora.xtec.cat\/ieslajonquera\/wp-json\/wp\/v2\/media\/1424"}],"wp:attachment":[{"href":"https:\/\/agora.xtec.cat\/ieslajonquera\/wp-json\/wp\/v2\/media?parent=1423"}],"wp:term":[{"taxonomy":"category","embeddable":true,"href":"https:\/\/agora.xtec.cat\/ieslajonquera\/wp-json\/wp\/v2\/categories?post=1423"},{"taxonomy":"post_tag","embeddable":true,"href":"https:\/\/agora.xtec.cat\/ieslajonquera\/wp-json\/wp\/v2\/tags?post=1423"}],"curies":[{"name":"wp","href":"https:\/\/api.w.org\/{rel}","templated":true}]}}