{"id":1385,"date":"2019-12-18T11:32:55","date_gmt":"2019-12-18T10:32:55","guid":{"rendered":"https:\/\/agora.xtec.cat\/ieslajonquera\/?p=1385"},"modified":"2019-12-18T11:35:51","modified_gmt":"2019-12-18T10:35:51","slug":"premi-a-laula-mes-ben-decorada","status":"publish","type":"post","link":"https:\/\/agora.xtec.cat\/ieslajonquera\/general\/premi-a-laula-mes-ben-decorada\/","title":{"rendered":"Premi a l&#8217;aula m\u00e9s ben decorada"},"content":{"rendered":"<p>Aquests s\u00f3n els premis a l&#8217;aula m\u00e9s ben decorada de l&#8217;institut:<\/p>\n<p><strong>Premi absolut<\/strong>: 4t A<\/p>\n<p><strong>Premi Instagram<\/strong>: 4t C<\/p>\n<p><strong>Reconeixement a les quatre R<\/strong>: 2n A<\/p>\n<p>Els dos grups premiats (4t A i 4t C) aniran a patinar a la pista de gel del <a href=\"https:\/\/www.granjonquera.com\/es\/\">Gran Jonquera<\/a> dem\u00e0 al mat\u00ed, mentre que el grup reconegut (2n A) gaudir\u00e0 d&#8217;una sessi\u00f3 de jocs interactius a l&#8217;institut dem\u00e0 al mat\u00ed tamb\u00e9.<\/p>\n<p>Molt\u00edssimes gr\u00e0cies a tots els participants!<\/p>\n<table style=\"width: 729px;\">\n<tbody>\n<tr>\n<td style=\"width: 230px;\"><a href=\"https:\/\/agora.xtec.cat\/ieslajonquera\/wp-content\/uploads\/usu2014\/2019\/12\/IMG_20191213_131927_323.jpg\"><img loading=\"lazy\" decoding=\"async\" class=\"aligncenter wp-image-1388 \" src=\"https:\/\/agora.xtec.cat\/ieslajonquera\/wp-content\/uploads\/usu2014\/2019\/12\/IMG_20191213_131927_323-300x300.jpg\" alt=\"\" width=\"216\" height=\"216\" \/> 4t A<\/a><\/td>\n<td style=\"width: 236px;\"><a href=\"https:\/\/agora.xtec.cat\/ieslajonquera\/wp-content\/uploads\/usu2014\/2019\/12\/IMG_20191213_132352_528.jpg\"><img loading=\"lazy\" decoding=\"async\" class=\"aligncenter wp-image-1387 \" src=\"https:\/\/agora.xtec.cat\/ieslajonquera\/wp-content\/uploads\/usu2014\/2019\/12\/IMG_20191213_132352_528-300x300.jpg\" alt=\"\" width=\"215\" height=\"215\" \/>4t C<\/a><\/td>\n<td style=\"width: 253px;\"><a href=\"https:\/\/agora.xtec.cat\/ieslajonquera\/wp-content\/uploads\/usu2014\/2019\/12\/IMG-20191213-WA0044.jpg\"><img loading=\"lazy\" decoding=\"async\" class=\"aligncenter wp-image-1386\" src=\"https:\/\/agora.xtec.cat\/ieslajonquera\/wp-content\/uploads\/usu2014\/2019\/12\/IMG-20191213-WA0044-1024x768.jpg\" alt=\"\" width=\"270\" height=\"202\" \/>2n A<\/a><\/td>\n<\/tr>\n<\/tbody>\n<\/table>\n<p>Podeu veure les fotos de tots els cursos i grups <a href=\"https:\/\/drive.google.com\/open?id=17JV1sZWSLCchgVJbGrjvVDOzxPQcPMZr\">aqu\u00ed<\/a>.<\/p>\n","protected":false},"excerpt":{"rendered":"<p>Aquests s\u00f3n els premis a l&#8217;aula m\u00e9s ben decorada de l&#8217;institut:<br \/>\nPremi absolut: 4t A<br \/>\nPremi Instagram: 4t C<br \/>\nReconeixement a les quatre R: 2n A<br \/>\nEls dos grups premiats (4t A i 4t C) aniran a patinar a la pista de gel del <a href=\"https:\/\/www.granjonquera.com\/es\/\">Gran Jonquera<\/a> dem\u00e0 al&hellip;  <a href=\"https:\/\/agora.xtec.cat\/ieslajonquera\/general\/premi-a-laula-mes-ben-decorada\/\" title=\"Read Premi a l&#8217;aula m\u00e9s ben decorada\">Llegeix m\u00e9s\u00bb<\/a><\/p>\n","protected":false},"author":3,"featured_media":0,"comment_status":"open","ping_status":"closed","sticky":false,"template":"","format":"standard","meta":{"_bbp_topic_count":0,"_bbp_reply_count":0,"_bbp_total_topic_count":0,"_bbp_total_reply_count":0,"_bbp_voice_count":0,"_bbp_anonymous_reply_count":0,"_bbp_topic_count_hidden":0,"_bbp_reply_count_hidden":0,"_bbp_forum_subforum_count":0,"footnotes":""},"categories":[3,1],"tags":[106,120,128,122],"class_list":["post-1385","post","type-post","status-publish","format-standard","hentry","category-eso","category-general","tag-concurs","tag-convivencia","tag-sostenibilitat","tag-valors"],"post_mailing_queue_ids":[],"_links":{"self":[{"href":"https:\/\/agora.xtec.cat\/ieslajonquera\/wp-json\/wp\/v2\/posts\/1385","targetHints":{"allow":["GET"]}}],"collection":[{"href":"https:\/\/agora.xtec.cat\/ieslajonquera\/wp-json\/wp\/v2\/posts"}],"about":[{"href":"https:\/\/agora.xtec.cat\/ieslajonquera\/wp-json\/wp\/v2\/types\/post"}],"author":[{"embeddable":true,"href":"https:\/\/agora.xtec.cat\/ieslajonquera\/wp-json\/wp\/v2\/users\/3"}],"replies":[{"embeddable":true,"href":"https:\/\/agora.xtec.cat\/ieslajonquera\/wp-json\/wp\/v2\/comments?post=1385"}],"version-history":[{"count":2,"href":"https:\/\/agora.xtec.cat\/ieslajonquera\/wp-json\/wp\/v2\/posts\/1385\/revisions"}],"predecessor-version":[{"id":1390,"href":"https:\/\/agora.xtec.cat\/ieslajonquera\/wp-json\/wp\/v2\/posts\/1385\/revisions\/1390"}],"wp:attachment":[{"href":"https:\/\/agora.xtec.cat\/ieslajonquera\/wp-json\/wp\/v2\/media?parent=1385"}],"wp:term":[{"taxonomy":"category","embeddable":true,"href":"https:\/\/agora.xtec.cat\/ieslajonquera\/wp-json\/wp\/v2\/categories?post=1385"},{"taxonomy":"post_tag","embeddable":true,"href":"https:\/\/agora.xtec.cat\/ieslajonquera\/wp-json\/wp\/v2\/tags?post=1385"}],"curies":[{"name":"wp","href":"https:\/\/api.w.org\/{rel}","templated":true}]}}