{"id":1379,"date":"2019-12-16T12:28:00","date_gmt":"2019-12-16T11:28:00","guid":{"rendered":"https:\/\/agora.xtec.cat\/ieslajonquera\/?p=1379"},"modified":"2019-12-16T12:32:23","modified_gmt":"2019-12-16T11:32:23","slug":"quarta-sessio-del-club-de-lectura","status":"publish","type":"post","link":"https:\/\/agora.xtec.cat\/ieslajonquera\/general\/quarta-sessio-del-club-de-lectura\/","title":{"rendered":"Quarta sessi\u00f3 del Club de Lectura"},"content":{"rendered":"<p style=\"text-align: justify;\">La quarta sessi\u00f3 del Club de Lectura va ser per comentar el llibre <em>La porta del tres panys<\/em>, de S\u00f2nia Fern\u00e0ndez-Vidal. Aquest cop, els convidats van ser l&#8217;\u00c0lex Huertas i la Marta Barnadas, de 2n de Batxillerat, que van explicar-nos d&#8217;on els ve la seva gran afici\u00f3 per la f\u00edsica. A m\u00e9s a m\u00e9s, l&#8217;Ivan Mart\u00ednez, membre del Club de Lectura i alumne de 1r de Batxillerat, va fer una magn\u00edfica explicaci\u00f3 que va ajudar els m\u00e9s joves a entendre els conceptes b\u00e0sics de f\u00edsica qu\u00e0ntica que apareixen al llibre.<\/p>\n<table style=\"width: 464px;\">\n<tbody>\n<tr>\n<td style=\"width: 225px;\"><a href=\"https:\/\/agora.xtec.cat\/ieslajonquera\/wp-content\/uploads\/usu2014\/2019\/12\/IMG_20191213_120910-1.jpg\"><img loading=\"lazy\" decoding=\"async\" class=\"aligncenter wp-image-1380 size-medium\" src=\"https:\/\/agora.xtec.cat\/ieslajonquera\/wp-content\/uploads\/usu2014\/2019\/12\/IMG_20191213_120910-1-225x300.jpg\" alt=\"\" width=\"225\" height=\"300\" srcset=\"https:\/\/agora.xtec.cat\/ieslajonquera\/wp-content\/uploads\/usu2014\/2019\/12\/IMG_20191213_120910-1-225x300.jpg 225w, https:\/\/agora.xtec.cat\/ieslajonquera\/wp-content\/uploads\/usu2014\/2019\/12\/IMG_20191213_120910-1-768x1024.jpg 768w\" sizes=\"auto, (max-width: 225px) 100vw, 225px\" \/><\/a><\/td>\n<td style=\"width: 231px;\"><a href=\"https:\/\/drive.google.com\/open?id=1bxS3Z2z6eJnn7Db4p08ixIOOXYjzOphg\">Aqu\u00ed<\/a> podeu veure m\u00e9s fotos de la sessi\u00f3.<\/td>\n<\/tr>\n<\/tbody>\n<\/table>\n<p>&nbsp;<\/p>\n<p>&nbsp;<\/p>\n","protected":false},"excerpt":{"rendered":"<p>La quarta sessi\u00f3 del Club de Lectura va ser per comentar el llibre La porta del tres panys, de S\u00f2nia Fern\u00e0ndez-Vidal. Aquest cop, els convidats van ser l&#8217;\u00c0lex Huertas i la Marta Barnadas, de 2n de Batxillerat, que van explicar-nos d&#8217;on els ve la seva&hellip;  <a href=\"https:\/\/agora.xtec.cat\/ieslajonquera\/general\/quarta-sessio-del-club-de-lectura\/\" title=\"Read Quarta sessi\u00f3 del Club de Lectura\">Llegeix m\u00e9s\u00bb<\/a><\/p>\n","protected":false},"author":3,"featured_media":1380,"comment_status":"open","ping_status":"closed","sticky":false,"template":"","format":"standard","meta":{"_bbp_topic_count":0,"_bbp_reply_count":0,"_bbp_total_topic_count":0,"_bbp_total_reply_count":0,"_bbp_voice_count":0,"_bbp_anonymous_reply_count":0,"_bbp_topic_count_hidden":0,"_bbp_reply_count_hidden":0,"_bbp_forum_subforum_count":0,"footnotes":""},"categories":[1],"tags":[113,114,124],"class_list":["post-1379","post","type-post","status-publish","format-standard","has-post-thumbnail","hentry","category-general","tag-biblioteca","tag-lectura","tag-literatura"],"post_mailing_queue_ids":[],"_links":{"self":[{"href":"https:\/\/agora.xtec.cat\/ieslajonquera\/wp-json\/wp\/v2\/posts\/1379","targetHints":{"allow":["GET"]}}],"collection":[{"href":"https:\/\/agora.xtec.cat\/ieslajonquera\/wp-json\/wp\/v2\/posts"}],"about":[{"href":"https:\/\/agora.xtec.cat\/ieslajonquera\/wp-json\/wp\/v2\/types\/post"}],"author":[{"embeddable":true,"href":"https:\/\/agora.xtec.cat\/ieslajonquera\/wp-json\/wp\/v2\/users\/3"}],"replies":[{"embeddable":true,"href":"https:\/\/agora.xtec.cat\/ieslajonquera\/wp-json\/wp\/v2\/comments?post=1379"}],"version-history":[{"count":3,"href":"https:\/\/agora.xtec.cat\/ieslajonquera\/wp-json\/wp\/v2\/posts\/1379\/revisions"}],"predecessor-version":[{"id":1384,"href":"https:\/\/agora.xtec.cat\/ieslajonquera\/wp-json\/wp\/v2\/posts\/1379\/revisions\/1384"}],"wp:featuredmedia":[{"embeddable":true,"href":"https:\/\/agora.xtec.cat\/ieslajonquera\/wp-json\/wp\/v2\/media\/1380"}],"wp:attachment":[{"href":"https:\/\/agora.xtec.cat\/ieslajonquera\/wp-json\/wp\/v2\/media?parent=1379"}],"wp:term":[{"taxonomy":"category","embeddable":true,"href":"https:\/\/agora.xtec.cat\/ieslajonquera\/wp-json\/wp\/v2\/categories?post=1379"},{"taxonomy":"post_tag","embeddable":true,"href":"https:\/\/agora.xtec.cat\/ieslajonquera\/wp-json\/wp\/v2\/tags?post=1379"}],"curies":[{"name":"wp","href":"https:\/\/api.w.org\/{rel}","templated":true}]}}