{"id":1339,"date":"2019-11-17T00:34:42","date_gmt":"2019-11-16T23:34:42","guid":{"rendered":"https:\/\/agora.xtec.cat\/ieslajonquera\/?p=1339"},"modified":"2019-11-17T00:34:42","modified_gmt":"2019-11-16T23:34:42","slug":"el-projecte-i-musica-comenca-a-prendre-forma","status":"publish","type":"post","link":"https:\/\/agora.xtec.cat\/ieslajonquera\/general\/el-projecte-i-musica-comenca-a-prendre-forma\/","title":{"rendered":"El projecte I-M\u00fasica comen\u00e7a a prendre forma"},"content":{"rendered":"<p>Els alumnes de 1r d&#8217;ESO, despr\u00e9s d&#8217;un mes amb el projecte I-M\u00fasica, comencen a tocar i a muntar les primeres can\u00e7ons amb instruments de corda, mentre que els de 2n d&#8217;ESO continuen ampliant el registre i incorporant noves notes i posicions amb els instruments de vent que van comen\u00e7ar a tocar el curs passat.<\/p>\n<p>Podeu veure fotos de les classes de m\u00fasica <a href=\"https:\/\/drive.google.com\/drive\/folders\/1SVLtAEM0C_OzYcZypQUXfh5f1Uq-K1xy?usp=sharing\">aqu\u00ed<\/a>.<\/p>\n<p><a href=\"https:\/\/agora.xtec.cat\/ieslajonquera\/wp-content\/uploads\/usu2014\/2019\/11\/IMG-20191115-WA0015-2.jpg\"><img loading=\"lazy\" decoding=\"async\" class=\"aligncenter size-large wp-image-1340\" src=\"https:\/\/agora.xtec.cat\/ieslajonquera\/wp-content\/uploads\/usu2014\/2019\/11\/IMG-20191115-WA0015-2-1024x768.jpg\" alt=\"\" width=\"1024\" height=\"768\" \/><\/a><\/p>\n","protected":false},"excerpt":{"rendered":"<p>Els alumnes de 1r d&#8217;ESO, despr\u00e9s d&#8217;un mes amb el projecte I-M\u00fasica, comencen a tocar i a muntar les primeres can\u00e7ons amb instruments de corda, mentre que els de 2n d&#8217;ESO continuen ampliant el registre i incorporant noves notes i posicions amb els instruments de&hellip;  <a href=\"https:\/\/agora.xtec.cat\/ieslajonquera\/general\/el-projecte-i-musica-comenca-a-prendre-forma\/\" title=\"Read El projecte I-M\u00fasica comen\u00e7a a prendre forma\">Llegeix m\u00e9s\u00bb<\/a><\/p>\n","protected":false},"author":3,"featured_media":0,"comment_status":"open","ping_status":"closed","sticky":false,"template":"","format":"standard","meta":{"_bbp_topic_count":0,"_bbp_reply_count":0,"_bbp_total_topic_count":0,"_bbp_total_reply_count":0,"_bbp_voice_count":0,"_bbp_anonymous_reply_count":0,"_bbp_topic_count_hidden":0,"_bbp_reply_count_hidden":0,"_bbp_forum_subforum_count":0,"footnotes":""},"categories":[4,5,3,1,107],"tags":[109],"class_list":["post-1339","post","type-post","status-publish","format-standard","hentry","category-eso-1","category-eso-2","category-eso","category-general","category-i-musica","tag-musica"],"post_mailing_queue_ids":[],"_links":{"self":[{"href":"https:\/\/agora.xtec.cat\/ieslajonquera\/wp-json\/wp\/v2\/posts\/1339","targetHints":{"allow":["GET"]}}],"collection":[{"href":"https:\/\/agora.xtec.cat\/ieslajonquera\/wp-json\/wp\/v2\/posts"}],"about":[{"href":"https:\/\/agora.xtec.cat\/ieslajonquera\/wp-json\/wp\/v2\/types\/post"}],"author":[{"embeddable":true,"href":"https:\/\/agora.xtec.cat\/ieslajonquera\/wp-json\/wp\/v2\/users\/3"}],"replies":[{"embeddable":true,"href":"https:\/\/agora.xtec.cat\/ieslajonquera\/wp-json\/wp\/v2\/comments?post=1339"}],"version-history":[{"count":1,"href":"https:\/\/agora.xtec.cat\/ieslajonquera\/wp-json\/wp\/v2\/posts\/1339\/revisions"}],"predecessor-version":[{"id":1341,"href":"https:\/\/agora.xtec.cat\/ieslajonquera\/wp-json\/wp\/v2\/posts\/1339\/revisions\/1341"}],"wp:attachment":[{"href":"https:\/\/agora.xtec.cat\/ieslajonquera\/wp-json\/wp\/v2\/media?parent=1339"}],"wp:term":[{"taxonomy":"category","embeddable":true,"href":"https:\/\/agora.xtec.cat\/ieslajonquera\/wp-json\/wp\/v2\/categories?post=1339"},{"taxonomy":"post_tag","embeddable":true,"href":"https:\/\/agora.xtec.cat\/ieslajonquera\/wp-json\/wp\/v2\/tags?post=1339"}],"curies":[{"name":"wp","href":"https:\/\/api.w.org\/{rel}","templated":true}]}}