{"id":1319,"date":"2019-11-08T13:52:18","date_gmt":"2019-11-08T12:52:18","guid":{"rendered":"https:\/\/agora.xtec.cat\/ieslajonquera\/?p=1319"},"modified":"2019-11-08T13:53:17","modified_gmt":"2019-11-08T12:53:17","slug":"xerrada-a-4t-deso-sobre-la-violencia-de-genere","status":"publish","type":"post","link":"https:\/\/agora.xtec.cat\/ieslajonquera\/general\/xerrada-a-4t-deso-sobre-la-violencia-de-genere\/","title":{"rendered":"Xerrada sobre la viol\u00e8ncia de g\u00e8nere a 4t d&#8217;ESO"},"content":{"rendered":"<p>Els alumnes de 4t d&#8217;ESO van assistir ahir a una xerrada de sensibilitzaci\u00f3 sobre la viol\u00e8ncia de g\u00e8nere a l&#8217;hora de tutoria en qu\u00e8 els Mossos d&#8217;Esquadra van explicar casos reals i els van anar comentant un per un.<\/p>\n<p><a href=\"https:\/\/agora.xtec.cat\/ieslajonquera\/wp-content\/uploads\/usu2014\/2019\/11\/IMG-20191107-WA0002.jpg\"><img loading=\"lazy\" decoding=\"async\" class=\"aligncenter size-large wp-image-1321\" src=\"https:\/\/agora.xtec.cat\/ieslajonquera\/wp-content\/uploads\/usu2014\/2019\/11\/IMG-20191107-WA0002-1024x461.jpg\" alt=\"\" width=\"1024\" height=\"461\" \/><\/a><\/p>\n","protected":false},"excerpt":{"rendered":"<p>Els alumnes de 4t d&#8217;ESO van assistir ahir a una xerrada de sensibilitzaci\u00f3 sobre la viol\u00e8ncia de g\u00e8nere a l&#8217;hora de tutoria en qu\u00e8 els Mossos d&#8217;Esquadra van explicar casos reals i els van anar comentant un per un.<br \/>\n<a href=\"https:\/\/agora.xtec.cat\/ieslajonquera\/wp-content\/uploads\/usu2014\/2019\/11\/IMG-20191107-WA0002.jpg\"><\/a><\/p>\n","protected":false},"author":3,"featured_media":0,"comment_status":"open","ping_status":"closed","sticky":false,"template":"","format":"standard","meta":{"_bbp_topic_count":0,"_bbp_reply_count":0,"_bbp_total_topic_count":0,"_bbp_total_reply_count":0,"_bbp_voice_count":0,"_bbp_anonymous_reply_count":0,"_bbp_topic_count_hidden":0,"_bbp_reply_count_hidden":0,"_bbp_forum_subforum_count":0,"footnotes":""},"categories":[7,3,1],"tags":[120,122,44],"class_list":["post-1319","post","type-post","status-publish","format-standard","hentry","category-eso-4","category-eso","category-general","tag-convivencia","tag-valors","tag-xerrades"],"post_mailing_queue_ids":[],"_links":{"self":[{"href":"https:\/\/agora.xtec.cat\/ieslajonquera\/wp-json\/wp\/v2\/posts\/1319","targetHints":{"allow":["GET"]}}],"collection":[{"href":"https:\/\/agora.xtec.cat\/ieslajonquera\/wp-json\/wp\/v2\/posts"}],"about":[{"href":"https:\/\/agora.xtec.cat\/ieslajonquera\/wp-json\/wp\/v2\/types\/post"}],"author":[{"embeddable":true,"href":"https:\/\/agora.xtec.cat\/ieslajonquera\/wp-json\/wp\/v2\/users\/3"}],"replies":[{"embeddable":true,"href":"https:\/\/agora.xtec.cat\/ieslajonquera\/wp-json\/wp\/v2\/comments?post=1319"}],"version-history":[{"count":2,"href":"https:\/\/agora.xtec.cat\/ieslajonquera\/wp-json\/wp\/v2\/posts\/1319\/revisions"}],"predecessor-version":[{"id":1324,"href":"https:\/\/agora.xtec.cat\/ieslajonquera\/wp-json\/wp\/v2\/posts\/1319\/revisions\/1324"}],"wp:attachment":[{"href":"https:\/\/agora.xtec.cat\/ieslajonquera\/wp-json\/wp\/v2\/media?parent=1319"}],"wp:term":[{"taxonomy":"category","embeddable":true,"href":"https:\/\/agora.xtec.cat\/ieslajonquera\/wp-json\/wp\/v2\/categories?post=1319"},{"taxonomy":"post_tag","embeddable":true,"href":"https:\/\/agora.xtec.cat\/ieslajonquera\/wp-json\/wp\/v2\/tags?post=1319"}],"curies":[{"name":"wp","href":"https:\/\/api.w.org\/{rel}","templated":true}]}}