{"id":1303,"date":"2019-11-06T19:13:45","date_gmt":"2019-11-06T18:13:45","guid":{"rendered":"https:\/\/agora.xtec.cat\/ieslajonquera\/?p=1303"},"modified":"2019-11-06T19:17:12","modified_gmt":"2019-11-06T18:17:12","slug":"sortida-de-biologia-i-geologia-a-4t-deso","status":"publish","type":"post","link":"https:\/\/agora.xtec.cat\/ieslajonquera\/general\/sortida-de-biologia-i-geologia-a-4t-deso\/","title":{"rendered":"Sortida de Biologia i Geologia a 4t d&#8217;ESO"},"content":{"rendered":"<p style=\"text-align: justify;\">Els alumnes de 4t d&#8217;ESO de l&#8217;optativa de Biologia i Geologia han anat d&#8217;excursi\u00f3 al <a href=\"http:\/\/parcsnaturals.gencat.cat\/ca\/cap-creus\">Cap de Creus<\/a> per tal d&#8217;estudiar-ne la geomorfologia i les plantes end\u00e8miques i les seves adaptacions al medi. Tamb\u00e9 hi ha hagut una part art\u00edstica on els alumnes han pogut relacionar l&#8217;obra de Dal\u00ed amb el <a href=\"http:\/\/parcsnaturals.gencat.cat\/web\/.content\/home\/cap_de_creus\/visitans\/equipaments_i_itineraris\/itineraris\/Itinerari-17-Tudela.pdf\">Paratge de Tudela<\/a>, tamb\u00e9 al Cap de Creus. Afortunadament ha fet bon temps, tot i que a estones bufava el vent.<\/p>\n<p style=\"text-align: justify;\">En podeu veure les fotos <a href=\"https:\/\/drive.google.com\/drive\/folders\/1P2_Eto8coOIBZIeMS1XvyfxT3rmDvNjF?usp=sharing\">aqu\u00ed<\/a>.<\/p>\n<p><a href=\"https:\/\/agora.xtec.cat\/ieslajonquera\/wp-content\/uploads\/usu2014\/2019\/11\/IMG-20191106-WA0018-1.jpg\"><img loading=\"lazy\" decoding=\"async\" class=\"aligncenter size-large wp-image-1304\" src=\"https:\/\/agora.xtec.cat\/ieslajonquera\/wp-content\/uploads\/usu2014\/2019\/11\/IMG-20191106-WA0018-1-1024x461.jpg\" alt=\"\" width=\"1024\" height=\"461\" \/><\/a><\/p>\n","protected":false},"excerpt":{"rendered":"<p>Els alumnes de 4t d&#8217;ESO de l&#8217;optativa de Biologia i Geologia han anat d&#8217;excursi\u00f3 al <a href=\"http:\/\/parcsnaturals.gencat.cat\/ca\/cap-creus\">Cap de Creus<\/a> per tal d&#8217;estudiar-ne la geomorfologia i les plantes end\u00e8miques i les seves adaptacions al medi. Tamb\u00e9 hi ha hagut una part art\u00edstica on els alumnes han&hellip;  <a href=\"https:\/\/agora.xtec.cat\/ieslajonquera\/general\/sortida-de-biologia-i-geologia-a-4t-deso\/\" title=\"Read Sortida de Biologia i Geologia a 4t d&#8217;ESO\">Llegeix m\u00e9s\u00bb<\/a><\/p>\n","protected":false},"author":3,"featured_media":0,"comment_status":"open","ping_status":"closed","sticky":false,"template":"","format":"standard","meta":{"_bbp_topic_count":0,"_bbp_reply_count":0,"_bbp_total_topic_count":0,"_bbp_total_reply_count":0,"_bbp_voice_count":0,"_bbp_anonymous_reply_count":0,"_bbp_topic_count_hidden":0,"_bbp_reply_count_hidden":0,"_bbp_forum_subforum_count":0,"footnotes":""},"categories":[7,3,1],"tags":[117,39],"class_list":["post-1303","post","type-post","status-publish","format-standard","hentry","category-eso-4","category-eso","category-general","tag-biologia","tag-sortides"],"post_mailing_queue_ids":[],"_links":{"self":[{"href":"https:\/\/agora.xtec.cat\/ieslajonquera\/wp-json\/wp\/v2\/posts\/1303","targetHints":{"allow":["GET"]}}],"collection":[{"href":"https:\/\/agora.xtec.cat\/ieslajonquera\/wp-json\/wp\/v2\/posts"}],"about":[{"href":"https:\/\/agora.xtec.cat\/ieslajonquera\/wp-json\/wp\/v2\/types\/post"}],"author":[{"embeddable":true,"href":"https:\/\/agora.xtec.cat\/ieslajonquera\/wp-json\/wp\/v2\/users\/3"}],"replies":[{"embeddable":true,"href":"https:\/\/agora.xtec.cat\/ieslajonquera\/wp-json\/wp\/v2\/comments?post=1303"}],"version-history":[{"count":2,"href":"https:\/\/agora.xtec.cat\/ieslajonquera\/wp-json\/wp\/v2\/posts\/1303\/revisions"}],"predecessor-version":[{"id":1306,"href":"https:\/\/agora.xtec.cat\/ieslajonquera\/wp-json\/wp\/v2\/posts\/1303\/revisions\/1306"}],"wp:attachment":[{"href":"https:\/\/agora.xtec.cat\/ieslajonquera\/wp-json\/wp\/v2\/media?parent=1303"}],"wp:term":[{"taxonomy":"category","embeddable":true,"href":"https:\/\/agora.xtec.cat\/ieslajonquera\/wp-json\/wp\/v2\/categories?post=1303"},{"taxonomy":"post_tag","embeddable":true,"href":"https:\/\/agora.xtec.cat\/ieslajonquera\/wp-json\/wp\/v2\/tags?post=1303"}],"curies":[{"name":"wp","href":"https:\/\/api.w.org\/{rel}","templated":true}]}}