{"id":1288,"date":"2019-10-30T18:57:26","date_gmt":"2019-10-30T17:57:26","guid":{"rendered":"https:\/\/agora.xtec.cat\/ieslajonquera\/?p=1288"},"modified":"2019-10-30T19:21:27","modified_gmt":"2019-10-30T18:21:27","slug":"visita-de-lescriptor-ivan-ledesma-al-club-de-lectura","status":"publish","type":"post","link":"https:\/\/agora.xtec.cat\/ieslajonquera\/general\/visita-de-lescriptor-ivan-ledesma-al-club-de-lectura\/","title":{"rendered":"Visita de l&#8217;escriptor Ivan Ledesma al Club de Lectura"},"content":{"rendered":"<p style=\"text-align: justify;\">L&#8217;escriptor Ivan Ledesma, autor de la novel\u00b7la <em>Negorith <\/em>(premi Joaquim Ruyra 2017), ha vingut a l&#8217;institut per participar en una de les sessions del Club de Lectura. Al llarg d&#8217;una hora els membres del Club han tingut ocasi\u00f3 de preguntar-li tot all\u00f2 que els interessava sobre q\u00fcestions tan diverses com el proc\u00e9s d&#8217;escriptura d&#8217;una novel\u00b7la, les influ\u00e8ncies liter\u00e0ries i cinematogr\u00e0fiques o la creaci\u00f3 dels personatges. Ha estat una visita que ens ha fet molta il\u00b7lusi\u00f3, ja que <em>Negorith<\/em> \u00e9s la primera obra que hem llegit al Club de Lectura, un projecte que hem iniciat aquest curs.<\/p>\n<p>Podeu veure m\u00e9s fotos <a href=\"https:\/\/drive.google.com\/drive\/folders\/1nhaeSPzpezuzgkoiebvXgOqBP5zrWdhl?usp=sharing\">aqu\u00ed<\/a>.<\/p>\n<table style=\"width: 669px; height: 366px;\">\n<tbody>\n<tr style=\"height: 237px;\">\n<td style=\"width: 664px; text-align: center; height: 366px;\"><div style=\"width: 640px;\" class=\"wp-video\"><!--[if lt IE 9]><script>document.createElement('video');<\/script><![endif]-->\n<video class=\"wp-video-shortcode\" id=\"video-1288-1\" width=\"640\" height=\"352\" preload=\"metadata\" controls=\"controls\"><source type=\"video\/mp4\" src=\"https:\/\/agora.xtec.cat\/ieslajonquera\/wp-content\/uploads\/usu2014\/2019\/10\/VID-20191030-WA0019-1.mp4?_=1\" \/><a href=\"https:\/\/agora.xtec.cat\/ieslajonquera\/wp-content\/uploads\/usu2014\/2019\/10\/VID-20191030-WA0019-1.mp4\">https:\/\/agora.xtec.cat\/ieslajonquera\/wp-content\/uploads\/usu2014\/2019\/10\/VID-20191030-WA0019-1.mp4<\/a><\/video><\/div><\/td>\n<\/tr>\n<\/tbody>\n<\/table>\n<p>&nbsp;<\/p>\n","protected":false},"excerpt":{"rendered":"<p>L&#8217;escriptor Ivan Ledesma, autor de la novel\u00b7la Negorith (premi Joaquim Ruyra 2017), ha vingut a l&#8217;institut per participar en una de les sessions del Club de Lectura. Al llarg d&#8217;una hora els membres del Club han tingut ocasi\u00f3 de preguntar-li tot all\u00f2 que els interessava&hellip;  <a href=\"https:\/\/agora.xtec.cat\/ieslajonquera\/general\/visita-de-lescriptor-ivan-ledesma-al-club-de-lectura\/\" title=\"Read Visita de l&#8217;escriptor Ivan Ledesma al Club de Lectura\">Llegeix m\u00e9s\u00bb<\/a><\/p>\n","protected":false},"author":3,"featured_media":0,"comment_status":"open","ping_status":"closed","sticky":false,"template":"","format":"standard","meta":{"_bbp_topic_count":0,"_bbp_reply_count":0,"_bbp_total_topic_count":0,"_bbp_total_reply_count":0,"_bbp_voice_count":0,"_bbp_anonymous_reply_count":0,"_bbp_topic_count_hidden":0,"_bbp_reply_count_hidden":0,"_bbp_forum_subforum_count":0,"footnotes":""},"categories":[1],"tags":[113,114,124],"class_list":["post-1288","post","type-post","status-publish","format-standard","hentry","category-general","tag-biblioteca","tag-lectura","tag-literatura"],"post_mailing_queue_ids":[],"_links":{"self":[{"href":"https:\/\/agora.xtec.cat\/ieslajonquera\/wp-json\/wp\/v2\/posts\/1288","targetHints":{"allow":["GET"]}}],"collection":[{"href":"https:\/\/agora.xtec.cat\/ieslajonquera\/wp-json\/wp\/v2\/posts"}],"about":[{"href":"https:\/\/agora.xtec.cat\/ieslajonquera\/wp-json\/wp\/v2\/types\/post"}],"author":[{"embeddable":true,"href":"https:\/\/agora.xtec.cat\/ieslajonquera\/wp-json\/wp\/v2\/users\/3"}],"replies":[{"embeddable":true,"href":"https:\/\/agora.xtec.cat\/ieslajonquera\/wp-json\/wp\/v2\/comments?post=1288"}],"version-history":[{"count":3,"href":"https:\/\/agora.xtec.cat\/ieslajonquera\/wp-json\/wp\/v2\/posts\/1288\/revisions"}],"predecessor-version":[{"id":1299,"href":"https:\/\/agora.xtec.cat\/ieslajonquera\/wp-json\/wp\/v2\/posts\/1288\/revisions\/1299"}],"wp:attachment":[{"href":"https:\/\/agora.xtec.cat\/ieslajonquera\/wp-json\/wp\/v2\/media?parent=1288"}],"wp:term":[{"taxonomy":"category","embeddable":true,"href":"https:\/\/agora.xtec.cat\/ieslajonquera\/wp-json\/wp\/v2\/categories?post=1288"},{"taxonomy":"post_tag","embeddable":true,"href":"https:\/\/agora.xtec.cat\/ieslajonquera\/wp-json\/wp\/v2\/tags?post=1288"}],"curies":[{"name":"wp","href":"https:\/\/api.w.org\/{rel}","templated":true}]}}