{"id":1246,"date":"2019-10-24T10:09:37","date_gmt":"2019-10-24T08:09:37","guid":{"rendered":"https:\/\/agora.xtec.cat\/ieslajonquera\/?p=1246"},"modified":"2019-10-24T10:10:28","modified_gmt":"2019-10-24T08:10:28","slug":"dia-de-les-biblioteques","status":"publish","type":"post","link":"https:\/\/agora.xtec.cat\/ieslajonquera\/general\/dia-de-les-biblioteques\/","title":{"rendered":"Dia de les Biblioteques"},"content":{"rendered":"<p style=\"text-align: justify;\">El 24 d&#8217;octubre se celebra el Dia de les Biblioteques d&#8217;en\u00e7\u00e0 de 1992, en record a la destrucci\u00f3 de la biblioteca de Sarajevo durant el conflicte dels Balcans. Aquesta commemoraci\u00f3 ens recorda la necessitat de seguir impulsant les biblioteques, de fer visible el seu paper a la societat actual com a lloc de trobada amb la cultura i el coneixement i com a instrument de millora de la societat. Aquesta commemoraci\u00f3 \u00e9s una iniciativa de l<a href=\"https:\/\/www.amigosdellibro.com\/DiaBiblioteca19\" target=\"_blank\" rel=\"noopener noreferrer\" data-saferedirecturl=\"https:\/\/www.google.com\/url?q=https:\/\/www.amigosdellibro.com\/DiaBiblioteca19&amp;source=gmail&amp;ust=1571990430222000&amp;usg=AFQjCNEBe-3HKB2ppTDnYpPXkbhxG_UsWg\">\u2018Associaci\u00f3 Amics del Llibre Infantil i Juvenil.<\/a><\/p>\n<p><a href=\"https:\/\/agora.xtec.cat\/ieslajonquera\/wp-content\/uploads\/usu2014\/2019\/10\/Dia-de-la-biblioteca_page-0001.jpg\"><img loading=\"lazy\" decoding=\"async\" class=\"alignnone wp-image-1247 size-large\" src=\"https:\/\/agora.xtec.cat\/ieslajonquera\/wp-content\/uploads\/usu2014\/2019\/10\/Dia-de-la-biblioteca_page-0001-717x1024.jpg\" alt=\"\" width=\"717\" height=\"1024\" srcset=\"https:\/\/agora.xtec.cat\/ieslajonquera\/wp-content\/uploads\/usu2014\/2019\/10\/Dia-de-la-biblioteca_page-0001-717x1024.jpg 717w, https:\/\/agora.xtec.cat\/ieslajonquera\/wp-content\/uploads\/usu2014\/2019\/10\/Dia-de-la-biblioteca_page-0001-210x300.jpg 210w, https:\/\/agora.xtec.cat\/ieslajonquera\/wp-content\/uploads\/usu2014\/2019\/10\/Dia-de-la-biblioteca_page-0001-768x1098.jpg 768w\" sizes=\"auto, (max-width: 717px) 100vw, 717px\" \/><\/a><\/p>\n","protected":false},"excerpt":{"rendered":"<p>El 24 d&#8217;octubre se celebra el Dia de les Biblioteques d&#8217;en\u00e7\u00e0 de 1992, en record a la destrucci\u00f3 de la biblioteca de Sarajevo durant el conflicte dels Balcans. Aquesta commemoraci\u00f3 ens recorda la necessitat de seguir impulsant les biblioteques, de fer visible el seu paper&hellip;  <a href=\"https:\/\/agora.xtec.cat\/ieslajonquera\/general\/dia-de-les-biblioteques\/\" title=\"Read Dia de les Biblioteques\">Llegeix m\u00e9s\u00bb<\/a><\/p>\n","protected":false},"author":3,"featured_media":1247,"comment_status":"open","ping_status":"closed","sticky":false,"template":"","format":"standard","meta":{"_bbp_topic_count":0,"_bbp_reply_count":0,"_bbp_total_topic_count":0,"_bbp_total_reply_count":0,"_bbp_voice_count":0,"_bbp_anonymous_reply_count":0,"_bbp_topic_count_hidden":0,"_bbp_reply_count_hidden":0,"_bbp_forum_subforum_count":0,"footnotes":""},"categories":[1],"tags":[113],"class_list":["post-1246","post","type-post","status-publish","format-standard","has-post-thumbnail","hentry","category-general","tag-biblioteca"],"post_mailing_queue_ids":[],"_links":{"self":[{"href":"https:\/\/agora.xtec.cat\/ieslajonquera\/wp-json\/wp\/v2\/posts\/1246","targetHints":{"allow":["GET"]}}],"collection":[{"href":"https:\/\/agora.xtec.cat\/ieslajonquera\/wp-json\/wp\/v2\/posts"}],"about":[{"href":"https:\/\/agora.xtec.cat\/ieslajonquera\/wp-json\/wp\/v2\/types\/post"}],"author":[{"embeddable":true,"href":"https:\/\/agora.xtec.cat\/ieslajonquera\/wp-json\/wp\/v2\/users\/3"}],"replies":[{"embeddable":true,"href":"https:\/\/agora.xtec.cat\/ieslajonquera\/wp-json\/wp\/v2\/comments?post=1246"}],"version-history":[{"count":2,"href":"https:\/\/agora.xtec.cat\/ieslajonquera\/wp-json\/wp\/v2\/posts\/1246\/revisions"}],"predecessor-version":[{"id":1249,"href":"https:\/\/agora.xtec.cat\/ieslajonquera\/wp-json\/wp\/v2\/posts\/1246\/revisions\/1249"}],"wp:featuredmedia":[{"embeddable":true,"href":"https:\/\/agora.xtec.cat\/ieslajonquera\/wp-json\/wp\/v2\/media\/1247"}],"wp:attachment":[{"href":"https:\/\/agora.xtec.cat\/ieslajonquera\/wp-json\/wp\/v2\/media?parent=1246"}],"wp:term":[{"taxonomy":"category","embeddable":true,"href":"https:\/\/agora.xtec.cat\/ieslajonquera\/wp-json\/wp\/v2\/categories?post=1246"},{"taxonomy":"post_tag","embeddable":true,"href":"https:\/\/agora.xtec.cat\/ieslajonquera\/wp-json\/wp\/v2\/tags?post=1246"}],"curies":[{"name":"wp","href":"https:\/\/api.w.org\/{rel}","templated":true}]}}