{"id":1236,"date":"2019-10-23T19:52:23","date_gmt":"2019-10-23T17:52:23","guid":{"rendered":"https:\/\/agora.xtec.cat\/ieslajonquera\/?p=1236"},"modified":"2019-10-23T19:52:49","modified_gmt":"2019-10-23T17:52:49","slug":"conferencies-sobre-literatura-a-batxillerat","status":"publish","type":"post","link":"https:\/\/agora.xtec.cat\/ieslajonquera\/general\/conferencies-sobre-literatura-a-batxillerat\/","title":{"rendered":"Confer\u00e8ncies sobre literatura a Batxillerat"},"content":{"rendered":"<p style=\"text-align: justify;\">Aquesta setmana els alumnes de Batxillerat han rebut la visita de dues especialistes en literatura catalana vinculades a la UdG: Dilluns, els alumnes de Primer de Batxillerat van assistir a una confer\u00e8ncia sobre els trobadors i avui, dimecres, els alumnes de Segon de Batxillerat han assistit a una altra confer\u00e8ncia, aquesta vegada sobre V\u00edctor Catal\u00e0. Totes dues visites han estat organitzades des del Seminari de Catal\u00e0.<\/p>\n<p style=\"text-align: center;\"><a href=\"https:\/\/agora.xtec.cat\/ieslajonquera\/wp-content\/uploads\/usu2014\/2019\/10\/V\u00edctor-Catal\u00e0.jpg\"><img loading=\"lazy\" decoding=\"async\" class=\"alignnone size-full wp-image-1237\" src=\"https:\/\/agora.xtec.cat\/ieslajonquera\/wp-content\/uploads\/usu2014\/2019\/10\/V\u00edctor-Catal\u00e0.jpg\" alt=\"\" width=\"186\" height=\"300\" \/><\/a><\/p>\n","protected":false},"excerpt":{"rendered":"<p>Aquesta setmana els alumnes de Batxillerat han rebut la visita de dues especialistes en literatura catalana vinculades a la UdG: Dilluns, els alumnes de Primer de Batxillerat van assistir a una confer\u00e8ncia sobre els trobadors i avui, dimecres, els alumnes de Segon de Batxillerat han&hellip;  <a href=\"https:\/\/agora.xtec.cat\/ieslajonquera\/general\/conferencies-sobre-literatura-a-batxillerat\/\" title=\"Read Confer\u00e8ncies sobre literatura a Batxillerat\">Llegeix m\u00e9s\u00bb<\/a><\/p>\n","protected":false},"author":3,"featured_media":0,"comment_status":"open","ping_status":"closed","sticky":false,"template":"","format":"standard","meta":{"_bbp_topic_count":0,"_bbp_reply_count":0,"_bbp_total_topic_count":0,"_bbp_total_reply_count":0,"_bbp_voice_count":0,"_bbp_anonymous_reply_count":0,"_bbp_topic_count_hidden":0,"_bbp_reply_count_hidden":0,"_bbp_forum_subforum_count":0,"footnotes":""},"categories":[8,1],"tags":[124,44],"class_list":["post-1236","post","type-post","status-publish","format-standard","hentry","category-batxillerat","category-general","tag-literatura","tag-xerrades"],"post_mailing_queue_ids":[],"_links":{"self":[{"href":"https:\/\/agora.xtec.cat\/ieslajonquera\/wp-json\/wp\/v2\/posts\/1236","targetHints":{"allow":["GET"]}}],"collection":[{"href":"https:\/\/agora.xtec.cat\/ieslajonquera\/wp-json\/wp\/v2\/posts"}],"about":[{"href":"https:\/\/agora.xtec.cat\/ieslajonquera\/wp-json\/wp\/v2\/types\/post"}],"author":[{"embeddable":true,"href":"https:\/\/agora.xtec.cat\/ieslajonquera\/wp-json\/wp\/v2\/users\/3"}],"replies":[{"embeddable":true,"href":"https:\/\/agora.xtec.cat\/ieslajonquera\/wp-json\/wp\/v2\/comments?post=1236"}],"version-history":[{"count":3,"href":"https:\/\/agora.xtec.cat\/ieslajonquera\/wp-json\/wp\/v2\/posts\/1236\/revisions"}],"predecessor-version":[{"id":1240,"href":"https:\/\/agora.xtec.cat\/ieslajonquera\/wp-json\/wp\/v2\/posts\/1236\/revisions\/1240"}],"wp:attachment":[{"href":"https:\/\/agora.xtec.cat\/ieslajonquera\/wp-json\/wp\/v2\/media?parent=1236"}],"wp:term":[{"taxonomy":"category","embeddable":true,"href":"https:\/\/agora.xtec.cat\/ieslajonquera\/wp-json\/wp\/v2\/categories?post=1236"},{"taxonomy":"post_tag","embeddable":true,"href":"https:\/\/agora.xtec.cat\/ieslajonquera\/wp-json\/wp\/v2\/tags?post=1236"}],"curies":[{"name":"wp","href":"https:\/\/api.w.org\/{rel}","templated":true}]}}