{"id":1194,"date":"2019-10-04T18:23:17","date_gmt":"2019-10-04T16:23:17","guid":{"rendered":"https:\/\/agora.xtec.cat\/ieslajonquera\/?p=1194"},"modified":"2019-10-04T18:49:37","modified_gmt":"2019-10-04T16:49:37","slug":"torna-el-projecte-i-musica","status":"publish","type":"post","link":"https:\/\/agora.xtec.cat\/ieslajonquera\/general\/torna-el-projecte-i-musica\/","title":{"rendered":"Torna el projecte I-M\u00fasica"},"content":{"rendered":"<p style=\"text-align: justify;\">Aquest curs, torna el projecte I-M\u00fasica al centre. Es tracta d&#8217;una col\u00b7laboraci\u00f3 entre l&#8217;Escola Municipal de M\u00fasica de la Jonquera i l&#8217;institut en qu\u00e8 els alumnes de 1r i 2n d&#8217;ESO aprenen a tocar un instrument.<\/p>\n<p style=\"text-align: justify;\">En aquest <a href=\"https:\/\/drive.google.com\/drive\/folders\/1Zc4OLCayQG6Q1VyuwCBFjzA1Y7jKNHsV?usp=sharing\">enlla\u00e7<\/a> podreu veure les fotos del primer dia del projecte.<\/p>\n<p><a href=\"https:\/\/agora.xtec.cat\/ieslajonquera\/wp-content\/uploads\/usu2014\/2019\/10\/IMG-20191004-WA0008.jpg\"><img loading=\"lazy\" decoding=\"async\" class=\"alignnone size-large wp-image-1195\" src=\"https:\/\/agora.xtec.cat\/ieslajonquera\/wp-content\/uploads\/usu2014\/2019\/10\/IMG-20191004-WA0008-1024x768.jpg\" alt=\"\" width=\"1024\" height=\"768\" \/><\/a><\/p>\n<p>&nbsp;<\/p>\n","protected":false},"excerpt":{"rendered":"<p>Aquest curs, torna el projecte I-M\u00fasica al centre. Es tracta d&#8217;una col\u00b7laboraci\u00f3 entre l&#8217;Escola Municipal de M\u00fasica de la Jonquera i l&#8217;institut en qu\u00e8 els alumnes de 1r i 2n d&#8217;ESO aprenen a tocar un instrument.<br \/>\nEn aquest <a href=\"https:\/\/drive.google.com\/drive\/folders\/1Zc4OLCayQG6Q1VyuwCBFjzA1Y7jKNHsV?usp=sharing\">enlla\u00e7<\/a> podreu veure les fotos del primer&hellip;  <a href=\"https:\/\/agora.xtec.cat\/ieslajonquera\/general\/torna-el-projecte-i-musica\/\" title=\"Read Torna el projecte I-M\u00fasica\">Llegeix m\u00e9s\u00bb<\/a><\/p>\n","protected":false},"author":3,"featured_media":0,"comment_status":"open","ping_status":"closed","sticky":false,"template":"","format":"standard","meta":{"_bbp_topic_count":0,"_bbp_reply_count":0,"_bbp_total_topic_count":0,"_bbp_total_reply_count":0,"_bbp_voice_count":0,"_bbp_anonymous_reply_count":0,"_bbp_topic_count_hidden":0,"_bbp_reply_count_hidden":0,"_bbp_forum_subforum_count":0,"footnotes":""},"categories":[3,1,107],"tags":[109],"class_list":["post-1194","post","type-post","status-publish","format-standard","hentry","category-eso","category-general","category-i-musica","tag-musica"],"post_mailing_queue_ids":[],"_links":{"self":[{"href":"https:\/\/agora.xtec.cat\/ieslajonquera\/wp-json\/wp\/v2\/posts\/1194","targetHints":{"allow":["GET"]}}],"collection":[{"href":"https:\/\/agora.xtec.cat\/ieslajonquera\/wp-json\/wp\/v2\/posts"}],"about":[{"href":"https:\/\/agora.xtec.cat\/ieslajonquera\/wp-json\/wp\/v2\/types\/post"}],"author":[{"embeddable":true,"href":"https:\/\/agora.xtec.cat\/ieslajonquera\/wp-json\/wp\/v2\/users\/3"}],"replies":[{"embeddable":true,"href":"https:\/\/agora.xtec.cat\/ieslajonquera\/wp-json\/wp\/v2\/comments?post=1194"}],"version-history":[{"count":2,"href":"https:\/\/agora.xtec.cat\/ieslajonquera\/wp-json\/wp\/v2\/posts\/1194\/revisions"}],"predecessor-version":[{"id":1198,"href":"https:\/\/agora.xtec.cat\/ieslajonquera\/wp-json\/wp\/v2\/posts\/1194\/revisions\/1198"}],"wp:attachment":[{"href":"https:\/\/agora.xtec.cat\/ieslajonquera\/wp-json\/wp\/v2\/media?parent=1194"}],"wp:term":[{"taxonomy":"category","embeddable":true,"href":"https:\/\/agora.xtec.cat\/ieslajonquera\/wp-json\/wp\/v2\/categories?post=1194"},{"taxonomy":"post_tag","embeddable":true,"href":"https:\/\/agora.xtec.cat\/ieslajonquera\/wp-json\/wp\/v2\/tags?post=1194"}],"curies":[{"name":"wp","href":"https:\/\/api.w.org\/{rel}","templated":true}]}}