{"id":1189,"date":"2019-10-04T13:46:41","date_gmt":"2019-10-04T11:46:41","guid":{"rendered":"https:\/\/agora.xtec.cat\/ieslajonquera\/?p=1189"},"modified":"2019-10-14T22:19:45","modified_gmt":"2019-10-14T20:19:45","slug":"inici-del-club-de-lectura","status":"publish","type":"post","link":"https:\/\/agora.xtec.cat\/ieslajonquera\/general\/inici-del-club-de-lectura\/","title":{"rendered":"Inici del club de lectura"},"content":{"rendered":"<table>\n<tbody>\n<tr>\n<td style=\"width: 474px;\">\n<p style=\"text-align: justify;\">L&#8217;inici del Club de Lectura ha estat tot un \u00e8xit. Al llarg d&#8217;una hora, els membres (alumnes de gaireb\u00e9 tots els cursos d&#8217;ESO i Batxillerat) han assistit a una lectura dramatitzada a c\u00e0rrec de les professores Olga Tribulietx i Fran Th\u00e9sin, s&#8217;han presentat a la resta de membres del Club i han agafat en pr\u00e9stec el llibre que hauran de llegir fins a final de mes: <em>Negorith<\/em>, d&#8217;Ivan Ledesma.<\/p>\n<p style=\"text-align: justify;\">Esperem que gaudeixin amb la lectura!<\/p>\n<\/td>\n<td style=\"width: 257px;\"><a href=\"https:\/\/agora.xtec.cat\/ieslajonquera\/wp-content\/uploads\/usu2014\/2019\/10\/images.jpg\"><img loading=\"lazy\" decoding=\"async\" class=\"size-full wp-image-1190 alignleft\" src=\"https:\/\/agora.xtec.cat\/ieslajonquera\/wp-content\/uploads\/usu2014\/2019\/10\/images.jpg\" alt=\"\" width=\"157\" height=\"215\" \/><\/a><\/td>\n<\/tr>\n<\/tbody>\n<\/table>\n<p style=\"text-align: justify;\">\n","protected":false},"excerpt":{"rendered":"<p>L&#8217;inici del Club de Lectura ha estat tot un \u00e8xit. Al llarg d&#8217;una hora, els membres (alumnes de gaireb\u00e9 tots els cursos d&#8217;ESO i Batxillerat) han assistit a una lectura dramatitzada a c\u00e0rrec de les professores Olga Tribulietx i Fran Th\u00e9sin, s&#8217;han presentat a la&hellip;  <a href=\"https:\/\/agora.xtec.cat\/ieslajonquera\/general\/inici-del-club-de-lectura\/\" title=\"Read Inici del club de lectura\">Llegeix m\u00e9s\u00bb<\/a><\/p>\n","protected":false},"author":3,"featured_media":0,"comment_status":"open","ping_status":"closed","sticky":false,"template":"","format":"standard","meta":{"_bbp_topic_count":0,"_bbp_reply_count":0,"_bbp_total_topic_count":0,"_bbp_total_reply_count":0,"_bbp_voice_count":0,"_bbp_anonymous_reply_count":0,"_bbp_topic_count_hidden":0,"_bbp_reply_count_hidden":0,"_bbp_forum_subforum_count":0,"footnotes":""},"categories":[8,3,1],"tags":[113,114],"class_list":["post-1189","post","type-post","status-publish","format-standard","hentry","category-batxillerat","category-eso","category-general","tag-biblioteca","tag-lectura"],"post_mailing_queue_ids":[],"_links":{"self":[{"href":"https:\/\/agora.xtec.cat\/ieslajonquera\/wp-json\/wp\/v2\/posts\/1189","targetHints":{"allow":["GET"]}}],"collection":[{"href":"https:\/\/agora.xtec.cat\/ieslajonquera\/wp-json\/wp\/v2\/posts"}],"about":[{"href":"https:\/\/agora.xtec.cat\/ieslajonquera\/wp-json\/wp\/v2\/types\/post"}],"author":[{"embeddable":true,"href":"https:\/\/agora.xtec.cat\/ieslajonquera\/wp-json\/wp\/v2\/users\/3"}],"replies":[{"embeddable":true,"href":"https:\/\/agora.xtec.cat\/ieslajonquera\/wp-json\/wp\/v2\/comments?post=1189"}],"version-history":[{"count":2,"href":"https:\/\/agora.xtec.cat\/ieslajonquera\/wp-json\/wp\/v2\/posts\/1189\/revisions"}],"predecessor-version":[{"id":1192,"href":"https:\/\/agora.xtec.cat\/ieslajonquera\/wp-json\/wp\/v2\/posts\/1189\/revisions\/1192"}],"wp:attachment":[{"href":"https:\/\/agora.xtec.cat\/ieslajonquera\/wp-json\/wp\/v2\/media?parent=1189"}],"wp:term":[{"taxonomy":"category","embeddable":true,"href":"https:\/\/agora.xtec.cat\/ieslajonquera\/wp-json\/wp\/v2\/categories?post=1189"},{"taxonomy":"post_tag","embeddable":true,"href":"https:\/\/agora.xtec.cat\/ieslajonquera\/wp-json\/wp\/v2\/tags?post=1189"}],"curies":[{"name":"wp","href":"https:\/\/api.w.org\/{rel}","templated":true}]}}