{"id":1157,"date":"2019-09-29T16:47:28","date_gmt":"2019-09-29T14:47:28","guid":{"rendered":"https:\/\/agora.xtec.cat\/ieslajonquera\/?p=1157"},"modified":"2019-09-29T20:00:23","modified_gmt":"2019-09-29T18:00:23","slug":"torna-la-jonk-la-revista-de-linstitut","status":"publish","type":"post","link":"https:\/\/agora.xtec.cat\/ieslajonquera\/general\/torna-la-jonk-la-revista-de-linstitut\/","title":{"rendered":"Torna La Jonk, la revista de l&#8217;institut"},"content":{"rendered":"<p><a href=\"https:\/\/agora.xtec.cat\/ieslajonquera\/wp-content\/uploads\/usu2014\/2019\/09\/Revista_cartell_page-0001-1.jpg\"><img loading=\"lazy\" decoding=\"async\" class=\" wp-image-1175 aligncenter\" src=\"https:\/\/agora.xtec.cat\/ieslajonquera\/wp-content\/uploads\/usu2014\/2019\/09\/Revista_cartell_page-0001-1-724x1024.jpg\" alt=\"\" width=\"306\" height=\"433\" srcset=\"https:\/\/agora.xtec.cat\/ieslajonquera\/wp-content\/uploads\/usu2014\/2019\/09\/Revista_cartell_page-0001-1-724x1024.jpg 724w, https:\/\/agora.xtec.cat\/ieslajonquera\/wp-content\/uploads\/usu2014\/2019\/09\/Revista_cartell_page-0001-1-212x300.jpg 212w, https:\/\/agora.xtec.cat\/ieslajonquera\/wp-content\/uploads\/usu2014\/2019\/09\/Revista_cartell_page-0001-1-768x1086.jpg 768w\" sizes=\"auto, (max-width: 306px) 100vw, 306px\" \/><\/a><\/p>\n<p style=\"text-align: justify;\">Comen\u00e7a el curs i comencem a preparar el proper n\u00famero de La Jonk, la revista de l&#8217;institut. Si esteu interessats a formar part de l&#8217;equip de redacci\u00f3, us esperem dimecres vinent, 2 d&#8217;octubre, a l&#8217;hora del pati gran a la biblioteca.<\/p>\n<p style=\"text-align: justify;\">Us recordem tamb\u00e9 que, a m\u00e9s d&#8217;en format paper, la revista es pot consultar <a href=\"https:\/\/drive.google.com\/drive\/folders\/1ifp4Wn2XcZ1YS2VUS8rrALoPzBRiKCob?usp=sharing\">en l\u00ednia<\/a><span style=\"font-family: inherit; font-size: 1em;\">\u00a0des d&#8217;aquesta mateixa web.<\/span><\/p>\n","protected":false},"excerpt":{"rendered":"<p><a href=\"https:\/\/agora.xtec.cat\/ieslajonquera\/wp-content\/uploads\/usu2014\/2019\/09\/Revista_cartell_page-0001-1.jpg\"><\/a><br \/>\nComen\u00e7a el curs i comencem a preparar el proper n\u00famero de La Jonk, la revista de l&#8217;institut. Si esteu interessats a formar part de l&#8217;equip de redacci\u00f3, us esperem dimecres vinent, 2 d&#8217;octubre, a l&#8217;hora del pati gran a la biblioteca.<br \/>\nUs recordem tamb\u00e9 que,&hellip;  <a href=\"https:\/\/agora.xtec.cat\/ieslajonquera\/general\/torna-la-jonk-la-revista-de-linstitut\/\" title=\"Read Torna La Jonk, la revista de l&#8217;institut\">Llegeix m\u00e9s\u00bb<\/a><\/p>\n","protected":false},"author":3,"featured_media":1175,"comment_status":"open","ping_status":"closed","sticky":false,"template":"","format":"standard","meta":{"_bbp_topic_count":0,"_bbp_reply_count":0,"_bbp_total_topic_count":0,"_bbp_total_reply_count":0,"_bbp_voice_count":0,"_bbp_anonymous_reply_count":0,"_bbp_topic_count_hidden":0,"_bbp_reply_count_hidden":0,"_bbp_forum_subforum_count":0,"footnotes":""},"categories":[1],"tags":[118],"class_list":["post-1157","post","type-post","status-publish","format-standard","has-post-thumbnail","hentry","category-general","tag-revista"],"post_mailing_queue_ids":[],"_links":{"self":[{"href":"https:\/\/agora.xtec.cat\/ieslajonquera\/wp-json\/wp\/v2\/posts\/1157","targetHints":{"allow":["GET"]}}],"collection":[{"href":"https:\/\/agora.xtec.cat\/ieslajonquera\/wp-json\/wp\/v2\/posts"}],"about":[{"href":"https:\/\/agora.xtec.cat\/ieslajonquera\/wp-json\/wp\/v2\/types\/post"}],"author":[{"embeddable":true,"href":"https:\/\/agora.xtec.cat\/ieslajonquera\/wp-json\/wp\/v2\/users\/3"}],"replies":[{"embeddable":true,"href":"https:\/\/agora.xtec.cat\/ieslajonquera\/wp-json\/wp\/v2\/comments?post=1157"}],"version-history":[{"count":3,"href":"https:\/\/agora.xtec.cat\/ieslajonquera\/wp-json\/wp\/v2\/posts\/1157\/revisions"}],"predecessor-version":[{"id":1177,"href":"https:\/\/agora.xtec.cat\/ieslajonquera\/wp-json\/wp\/v2\/posts\/1157\/revisions\/1177"}],"wp:featuredmedia":[{"embeddable":true,"href":"https:\/\/agora.xtec.cat\/ieslajonquera\/wp-json\/wp\/v2\/media\/1175"}],"wp:attachment":[{"href":"https:\/\/agora.xtec.cat\/ieslajonquera\/wp-json\/wp\/v2\/media?parent=1157"}],"wp:term":[{"taxonomy":"category","embeddable":true,"href":"https:\/\/agora.xtec.cat\/ieslajonquera\/wp-json\/wp\/v2\/categories?post=1157"},{"taxonomy":"post_tag","embeddable":true,"href":"https:\/\/agora.xtec.cat\/ieslajonquera\/wp-json\/wp\/v2\/tags?post=1157"}],"curies":[{"name":"wp","href":"https:\/\/api.w.org\/{rel}","templated":true}]}}