{"id":1145,"date":"2019-09-26T23:52:34","date_gmt":"2019-09-26T21:52:34","guid":{"rendered":"https:\/\/agora.xtec.cat\/ieslajonquera\/?p=1145"},"modified":"2019-09-29T16:31:55","modified_gmt":"2019-09-29T14:31:55","slug":"convocatoria-de-reunio-de-lafa","status":"publish","type":"post","link":"https:\/\/agora.xtec.cat\/ieslajonquera\/general\/convocatoria-de-reunio-de-lafa\/","title":{"rendered":"Convocat\u00f2ria de reuni\u00f3 de l&#8217;AFA"},"content":{"rendered":"<p>&nbsp;<\/p>\n<p style=\"text-align: justify;\"><a href=\"https:\/\/agora.xtec.cat\/ieslajonquera\/wp-content\/uploads\/usu2014\/2019\/09\/logo-afa.png\"><img loading=\"lazy\" decoding=\"async\" class=\"size-full wp-image-1153 alignright\" src=\"https:\/\/agora.xtec.cat\/ieslajonquera\/wp-content\/uploads\/usu2014\/2019\/09\/logo-afa.png\" alt=\"\" width=\"268\" height=\"295\" \/><\/a><\/p>\n<p style=\"text-align: justify;\">La Jonquera, 25 Setembre 2019<\/p>\n<p style=\"text-align: justify;\">Benvolgudes fam\u00edlies de l\u2019IES La Jonquera,<\/p>\n<p style=\"text-align: justify;\">Ens complau convidar-vos el proper Dimarts dia 8 d\u2019Octubre a les 19h. a l\u2019institut per tal de fer una primera reuni\u00f3 de pares i mares.<\/p>\n<p style=\"text-align: justify;\">Tenim molts temes a comentar-vos i ens agradaria comptar amb la vostra pres\u00e8ncia per donar-nos la vostra opini\u00f3 sobre tots ells.<\/p>\n<p style=\"text-align: justify;\">Alhora voldriem informar-vos que estem al cas, gr\u00e0cies a la informaci\u00f3 inicial que ens va arribar mitjan\u00e7ant la veu d&#8217;alguns de vosaltres, de qu\u00e8, actualment, tenim una vintena de nanos despla\u00e7ats des de Capmany, Cantallops, Agullana, Darnius i Ma\u00e7anet, alumnes de Batxiller, que no tenen pla\u00e7a al bus. Heu de saber que ja estem en contacte amb el Consell Comarcal i amb tots els ajuntaments afectats. Esperem poder donar una resoluci\u00f3 al problema en la celeritat m\u00e9s gran possible, ja que comprenem el greuge comparatiu que estan vivint les fam\u00edlies afectades. Esperem poder-vos informar degudament en la reuni\u00f3 del 8 d&#8217;octubre.<\/p>\n<p style=\"text-align: justify;\">Us esperem nombrosos\/es<\/p>\n<p style=\"text-align: justify;\">Salutacions AFA<\/p>\n","protected":false},"excerpt":{"rendered":"<p>&nbsp;<br \/>\n<a href=\"https:\/\/agora.xtec.cat\/ieslajonquera\/wp-content\/uploads\/usu2014\/2019\/09\/logo-afa.png\"><\/a><br \/>\nLa Jonquera, 25 Setembre 2019<br \/>\nBenvolgudes fam\u00edlies de l\u2019IES La Jonquera,<br \/>\nEns complau convidar-vos el proper Dimarts dia 8 d\u2019Octubre a les 19h. a l\u2019institut per tal de fer una primera reuni\u00f3 de pares i mares.<br \/>\nTenim molts temes a comentar-vos i ens agradaria comptar amb la&hellip;  <a href=\"https:\/\/agora.xtec.cat\/ieslajonquera\/general\/convocatoria-de-reunio-de-lafa\/\" title=\"Read Convocat\u00f2ria de reuni\u00f3 de l&#8217;AFA\">Llegeix m\u00e9s\u00bb<\/a><\/p>\n","protected":false},"author":3,"featured_media":1153,"comment_status":"open","ping_status":"closed","sticky":false,"template":"","format":"standard","meta":{"_bbp_topic_count":0,"_bbp_reply_count":0,"_bbp_total_topic_count":0,"_bbp_total_reply_count":0,"_bbp_voice_count":0,"_bbp_anonymous_reply_count":0,"_bbp_topic_count_hidden":0,"_bbp_reply_count_hidden":0,"_bbp_forum_subforum_count":0,"footnotes":""},"categories":[31,1],"tags":[],"class_list":["post-1145","post","type-post","status-publish","format-standard","has-post-thumbnail","hentry","category-afa-ampa","category-general"],"post_mailing_queue_ids":[],"_links":{"self":[{"href":"https:\/\/agora.xtec.cat\/ieslajonquera\/wp-json\/wp\/v2\/posts\/1145","targetHints":{"allow":["GET"]}}],"collection":[{"href":"https:\/\/agora.xtec.cat\/ieslajonquera\/wp-json\/wp\/v2\/posts"}],"about":[{"href":"https:\/\/agora.xtec.cat\/ieslajonquera\/wp-json\/wp\/v2\/types\/post"}],"author":[{"embeddable":true,"href":"https:\/\/agora.xtec.cat\/ieslajonquera\/wp-json\/wp\/v2\/users\/3"}],"replies":[{"embeddable":true,"href":"https:\/\/agora.xtec.cat\/ieslajonquera\/wp-json\/wp\/v2\/comments?post=1145"}],"version-history":[{"count":3,"href":"https:\/\/agora.xtec.cat\/ieslajonquera\/wp-json\/wp\/v2\/posts\/1145\/revisions"}],"predecessor-version":[{"id":1156,"href":"https:\/\/agora.xtec.cat\/ieslajonquera\/wp-json\/wp\/v2\/posts\/1145\/revisions\/1156"}],"wp:featuredmedia":[{"embeddable":true,"href":"https:\/\/agora.xtec.cat\/ieslajonquera\/wp-json\/wp\/v2\/media\/1153"}],"wp:attachment":[{"href":"https:\/\/agora.xtec.cat\/ieslajonquera\/wp-json\/wp\/v2\/media?parent=1145"}],"wp:term":[{"taxonomy":"category","embeddable":true,"href":"https:\/\/agora.xtec.cat\/ieslajonquera\/wp-json\/wp\/v2\/categories?post=1145"},{"taxonomy":"post_tag","embeddable":true,"href":"https:\/\/agora.xtec.cat\/ieslajonquera\/wp-json\/wp\/v2\/tags?post=1145"}],"curies":[{"name":"wp","href":"https:\/\/api.w.org\/{rel}","templated":true}]}}