{"id":1142,"date":"2019-09-26T23:44:28","date_gmt":"2019-09-26T21:44:28","guid":{"rendered":"https:\/\/agora.xtec.cat\/ieslajonquera\/?p=1142"},"modified":"2019-09-27T22:51:08","modified_gmt":"2019-09-27T20:51:08","slug":"companys-de-viatge-segona-sessio","status":"publish","type":"post","link":"https:\/\/agora.xtec.cat\/ieslajonquera\/general\/companys-de-viatge-segona-sessio\/","title":{"rendered":"Companys de viatge: segona sessi\u00f3"},"content":{"rendered":"<p style=\"text-align: justify;\">Els alumnes de 1r i 2n d&#8217;ESO han participat avui, 26 de setembre, en la segona sessi\u00f3 entre &#8220;Companys de viatge&#8221;organitzada per la t\u00e8cnica del Punt Jove de l&#8217;Ajuntament. En aquesta ocasi\u00f3, han treballat l&#8217;assertivitat mitjan\u00e7ant diverses din\u00e0miques en qu\u00e8 han apr\u00e9s a comunicar-se entre ells d&#8217;una manera respectuosa.<\/p>\n<p style=\"text-align: justify;\">Podeu veure m\u00e9s imatges en aquest <a href=\"https:\/\/drive.google.com\/drive\/folders\/1jg2doRZdh4Z23HPTIRBHTXVYepgfWmqz?usp=sharing\">enlla\u00e7<\/a>.<\/p>\n<p><a href=\"https:\/\/agora.xtec.cat\/ieslajonquera\/wp-content\/uploads\/usu2014\/2019\/09\/IMG-20190926-WA0000-2.jpg\"><img loading=\"lazy\" decoding=\"async\" class=\"alignnone wp-image-1143 size-large\" src=\"https:\/\/agora.xtec.cat\/ieslajonquera\/wp-content\/uploads\/usu2014\/2019\/09\/IMG-20190926-WA0000-2-1024x746.jpg\" alt=\"\" width=\"1024\" height=\"746\" \/><\/a><\/p>\n","protected":false},"excerpt":{"rendered":"<p>Els alumnes de 1r i 2n d&#8217;ESO han participat avui, 26 de setembre, en la segona sessi\u00f3 entre &#8220;Companys de viatge&#8221;organitzada per la t\u00e8cnica del Punt Jove de l&#8217;Ajuntament. En aquesta ocasi\u00f3, han treballat l&#8217;assertivitat mitjan\u00e7ant diverses din\u00e0miques en qu\u00e8 han apr\u00e9s a comunicar-se entre&hellip;  <a href=\"https:\/\/agora.xtec.cat\/ieslajonquera\/general\/companys-de-viatge-segona-sessio\/\" title=\"Read Companys de viatge: segona sessi\u00f3\">Llegeix m\u00e9s\u00bb<\/a><\/p>\n","protected":false},"author":3,"featured_media":0,"comment_status":"open","ping_status":"closed","sticky":false,"template":"","format":"standard","meta":{"_bbp_topic_count":0,"_bbp_reply_count":0,"_bbp_total_topic_count":0,"_bbp_total_reply_count":0,"_bbp_voice_count":0,"_bbp_anonymous_reply_count":0,"_bbp_topic_count_hidden":0,"_bbp_reply_count_hidden":0,"_bbp_forum_subforum_count":0,"footnotes":""},"categories":[4,5,1],"tags":[116],"class_list":["post-1142","post","type-post","status-publish","format-standard","hentry","category-eso-1","category-eso-2","category-general","tag-dinamiques"],"post_mailing_queue_ids":[],"_links":{"self":[{"href":"https:\/\/agora.xtec.cat\/ieslajonquera\/wp-json\/wp\/v2\/posts\/1142","targetHints":{"allow":["GET"]}}],"collection":[{"href":"https:\/\/agora.xtec.cat\/ieslajonquera\/wp-json\/wp\/v2\/posts"}],"about":[{"href":"https:\/\/agora.xtec.cat\/ieslajonquera\/wp-json\/wp\/v2\/types\/post"}],"author":[{"embeddable":true,"href":"https:\/\/agora.xtec.cat\/ieslajonquera\/wp-json\/wp\/v2\/users\/3"}],"replies":[{"embeddable":true,"href":"https:\/\/agora.xtec.cat\/ieslajonquera\/wp-json\/wp\/v2\/comments?post=1142"}],"version-history":[{"count":2,"href":"https:\/\/agora.xtec.cat\/ieslajonquera\/wp-json\/wp\/v2\/posts\/1142\/revisions"}],"predecessor-version":[{"id":1152,"href":"https:\/\/agora.xtec.cat\/ieslajonquera\/wp-json\/wp\/v2\/posts\/1142\/revisions\/1152"}],"wp:attachment":[{"href":"https:\/\/agora.xtec.cat\/ieslajonquera\/wp-json\/wp\/v2\/media?parent=1142"}],"wp:term":[{"taxonomy":"category","embeddable":true,"href":"https:\/\/agora.xtec.cat\/ieslajonquera\/wp-json\/wp\/v2\/categories?post=1142"},{"taxonomy":"post_tag","embeddable":true,"href":"https:\/\/agora.xtec.cat\/ieslajonquera\/wp-json\/wp\/v2\/tags?post=1142"}],"curies":[{"name":"wp","href":"https:\/\/api.w.org\/{rel}","templated":true}]}}