{"id":1137,"date":"2019-09-24T23:08:06","date_gmt":"2019-09-24T21:08:06","guid":{"rendered":"https:\/\/agora.xtec.cat\/ieslajonquera\/?p=1137"},"modified":"2019-09-24T23:11:34","modified_gmt":"2019-09-24T21:11:34","slug":"sortida-decologia-marina-a-1r-de-batxillerat","status":"publish","type":"post","link":"https:\/\/agora.xtec.cat\/ieslajonquera\/general\/sortida-decologia-marina-a-1r-de-batxillerat\/","title":{"rendered":"Sortida d&#8217;ecologia marina a 1r de Batxillerat"},"content":{"rendered":"<p>Els alumnes de 1r de Batxillerat de l&#8217;optativa de Biologia, acompanyats per les professores L\u00eddia Mall\u00e9n i Anna Molist, han anat a Llan\u00e7\u00e0, a la platja de les Tonyines a fer una pr\u00e0ctica d&#8217;ecologia marina. Es tractava de fer dos mostreigs amb dos m\u00e8todes diferents: un amb quadr\u00edcula, per tal de determinar la diversitat d&#8217;algues, i l&#8217;altre amb transecte, per tal de determinar la diversitat de peixos. A continuaci\u00f3, els alumnes han fet c\u00e0lculs i han extret conclusions.<\/p>\n<p>Podeu veure m\u00e9s imatges de la sortida <a href=\"https:\/\/drive.google.com\/drive\/folders\/1_se3GI-ln-7YJ1136PVLgHG_hq1pdnPZ?usp=sharing\">aqu\u00ed<\/a>.<\/p>\n<p><a href=\"https:\/\/drive.google.com\/drive\/folders\/1_se3GI-ln-7YJ1136PVLgHG_hq1pdnPZ?usp=sharing\"><img loading=\"lazy\" decoding=\"async\" class=\"alignnone wp-image-1138 size-large\" src=\"https:\/\/agora.xtec.cat\/ieslajonquera\/wp-content\/uploads\/usu2014\/2019\/09\/IMG-9702-1-1024x768.jpg\" alt=\"\" width=\"1024\" height=\"768\" \/><\/a><\/p>\n","protected":false},"excerpt":{"rendered":"<p>Els alumnes de 1r de Batxillerat de l&#8217;optativa de Biologia, acompanyats per les professores L\u00eddia Mall\u00e9n i Anna Molist, han anat a Llan\u00e7\u00e0, a la platja de les Tonyines a fer una pr\u00e0ctica d&#8217;ecologia marina. Es tractava de fer dos mostreigs amb dos m\u00e8todes diferents:&hellip;  <a href=\"https:\/\/agora.xtec.cat\/ieslajonquera\/general\/sortida-decologia-marina-a-1r-de-batxillerat\/\" title=\"Read Sortida d&#8217;ecologia marina a 1r de Batxillerat\">Llegeix m\u00e9s\u00bb<\/a><\/p>\n","protected":false},"author":3,"featured_media":0,"comment_status":"open","ping_status":"closed","sticky":false,"template":"","format":"standard","meta":{"_bbp_topic_count":0,"_bbp_reply_count":0,"_bbp_total_topic_count":0,"_bbp_total_reply_count":0,"_bbp_voice_count":0,"_bbp_anonymous_reply_count":0,"_bbp_topic_count_hidden":0,"_bbp_reply_count_hidden":0,"_bbp_forum_subforum_count":0,"footnotes":""},"categories":[8,1],"tags":[117,39],"class_list":["post-1137","post","type-post","status-publish","format-standard","hentry","category-batxillerat","category-general","tag-biologia","tag-sortides"],"post_mailing_queue_ids":[],"_links":{"self":[{"href":"https:\/\/agora.xtec.cat\/ieslajonquera\/wp-json\/wp\/v2\/posts\/1137","targetHints":{"allow":["GET"]}}],"collection":[{"href":"https:\/\/agora.xtec.cat\/ieslajonquera\/wp-json\/wp\/v2\/posts"}],"about":[{"href":"https:\/\/agora.xtec.cat\/ieslajonquera\/wp-json\/wp\/v2\/types\/post"}],"author":[{"embeddable":true,"href":"https:\/\/agora.xtec.cat\/ieslajonquera\/wp-json\/wp\/v2\/users\/3"}],"replies":[{"embeddable":true,"href":"https:\/\/agora.xtec.cat\/ieslajonquera\/wp-json\/wp\/v2\/comments?post=1137"}],"version-history":[{"count":3,"href":"https:\/\/agora.xtec.cat\/ieslajonquera\/wp-json\/wp\/v2\/posts\/1137\/revisions"}],"predecessor-version":[{"id":1141,"href":"https:\/\/agora.xtec.cat\/ieslajonquera\/wp-json\/wp\/v2\/posts\/1137\/revisions\/1141"}],"wp:attachment":[{"href":"https:\/\/agora.xtec.cat\/ieslajonquera\/wp-json\/wp\/v2\/media?parent=1137"}],"wp:term":[{"taxonomy":"category","embeddable":true,"href":"https:\/\/agora.xtec.cat\/ieslajonquera\/wp-json\/wp\/v2\/categories?post=1137"},{"taxonomy":"post_tag","embeddable":true,"href":"https:\/\/agora.xtec.cat\/ieslajonquera\/wp-json\/wp\/v2\/tags?post=1137"}],"curies":[{"name":"wp","href":"https:\/\/api.w.org\/{rel}","templated":true}]}}