{"id":1103,"date":"2019-09-14T22:53:48","date_gmt":"2019-09-14T20:53:48","guid":{"rendered":"https:\/\/agora.xtec.cat\/ieslajonquera\/?p=1103"},"modified":"2019-09-15T12:17:11","modified_gmt":"2019-09-15T10:17:11","slug":"novetats-a-la-biblioteca-de-linstitut","status":"publish","type":"post","link":"https:\/\/agora.xtec.cat\/ieslajonquera\/general\/novetats-a-la-biblioteca-de-linstitut\/","title":{"rendered":"Novetats a la biblioteca de l&#8217;institut"},"content":{"rendered":"<p>Comencem el nou curs i la biblioteca de l&#8217;institut inicia una nova etapa amb algunes novetats que segur que us agradaran:<\/p>\n<table style=\"height: 438px;\" width=\"990\">\n<tbody>\n<tr>\n<td style=\"width: 328px;\"><img loading=\"lazy\" decoding=\"async\" class=\"wp-image-1105 alignleft\" src=\"https:\/\/agora.xtec.cat\/ieslajonquera\/wp-content\/uploads\/usu2014\/2019\/09\/Cartell-club-de-lectura_page-0001-1-212x300.jpg\" alt=\"\" width=\"308\" height=\"436\" srcset=\"https:\/\/agora.xtec.cat\/ieslajonquera\/wp-content\/uploads\/usu2014\/2019\/09\/Cartell-club-de-lectura_page-0001-1-212x300.jpg 212w, https:\/\/agora.xtec.cat\/ieslajonquera\/wp-content\/uploads\/usu2014\/2019\/09\/Cartell-club-de-lectura_page-0001-1-768x1086.jpg 768w, https:\/\/agora.xtec.cat\/ieslajonquera\/wp-content\/uploads\/usu2014\/2019\/09\/Cartell-club-de-lectura_page-0001-1-724x1024.jpg 724w\" sizes=\"auto, (max-width: 308px) 100vw, 308px\" \/><\/td>\n<td style=\"width: 324px;\"><a href=\"https:\/\/agora.xtec.cat\/ieslajonquera\/wp-content\/uploads\/usu2014\/2019\/09\/Biblioteca_pages-to-jpg-0001.jpg\"><img loading=\"lazy\" decoding=\"async\" class=\"wp-image-1104 alignnone\" src=\"https:\/\/agora.xtec.cat\/ieslajonquera\/wp-content\/uploads\/usu2014\/2019\/09\/Biblioteca_pages-to-jpg-0001-724x1024.jpg\" alt=\"\" width=\"304\" height=\"432\" \/><\/a><\/td>\n<td style=\"width: 329.6px;\">\n<p style=\"text-align: justify;\"><a href=\"https:\/\/agora.xtec.cat\/ieslajonquera\/wp-content\/uploads\/usu2014\/2019\/09\/cartell-biblio_page-0001-1-1-e1568542166696.jpg\"><img loading=\"lazy\" decoding=\"async\" class=\"alignnone wp-image-1115\" src=\"https:\/\/agora.xtec.cat\/ieslajonquera\/wp-content\/uploads\/usu2014\/2019\/09\/cartell-biblio_page-0001-1-1-734x1024.jpg\" alt=\"\" width=\"299\" height=\"417\" \/><\/a><\/p>\n<\/td>\n<\/tr>\n<tr>\n<td style=\"width: 984.8px;\" colspan=\"3\">\n<p style=\"text-align: justify;\">Hi ha un nou espai al centre vinculat a la biblioteca: l&#8217;<strong>espai de lectura informal<\/strong>, situat al passad\u00eds de la primera planta, a davant de les aules de m\u00fasica i visual i pl\u00e0stica. Es tracta d&#8217;un espai compartit per professors i alumnes on es poden llegir d&#8217;una manera relaxada (hi ha sof\u00e0s!) diaris, c\u00f2mics i revistes i on, a m\u00e9s a m\u00e9s, hi ha jocs de taula.<\/p>\n<p style=\"text-align: justify;\">Els llibres de la biblioteca estan vinculats a <a href=\"http:\/\/xtec.gencat.cat\/ca\/projectes\/biblioteca\/epergam\/\"><strong>eP\u00e8rgam<\/strong><\/a>, que \u00e9s l\u2019aplicaci\u00f3 de gesti\u00f3 de les biblioteques escolars que ofereix el Departament\u00a0 d&#8217;Ensenyament.<\/p>\n<p style=\"text-align: justify;\">Aviat comen\u00e7ar\u00e0 a funcionar el <strong>Club de Lectura<\/strong> de l&#8217;institut, una iniciativa que esperem que tingui \u00e8xit i serveixi per engrescar els alumnes en el gust per la lectura.<\/p>\n<p style=\"text-align: justify;\">Per tal de poder portar a terme d&#8217;una manera compromesa i eficient tots aquests nous projectes, es demana la col\u00b7laboraci\u00f3 tant de professors com d&#8217;alumnes per formar part de l&#8217;<strong>equip de suport<\/strong> de la biblioteca.<\/p>\n<\/td>\n<\/tr>\n<\/tbody>\n<\/table>\n<p>&nbsp;<\/p>\n<p><a href=\"https:\/\/agora.xtec.cat\/ieslajonquera\/wp-content\/uploads\/usu2014\/2019\/09\/Cartell-club-de-lectura_page-0001-1.jpg\">\u00a0<\/a><\/p>\n<p>&nbsp;<\/p>\n","protected":false},"excerpt":{"rendered":"<p>Comencem el nou curs i la biblioteca de l&#8217;institut inicia una nova etapa amb algunes novetats que segur que us agradaran. Vols saber quines s\u00f3n? Continua llegint!&hellip;  <a href=\"https:\/\/agora.xtec.cat\/ieslajonquera\/general\/novetats-a-la-biblioteca-de-linstitut\/\" title=\"Read Novetats a la biblioteca de l&#8217;institut\">Llegeix m\u00e9s\u00bb<\/a><\/p>\n","protected":false},"author":3,"featured_media":0,"comment_status":"open","ping_status":"closed","sticky":false,"template":"","format":"standard","meta":{"_bbp_topic_count":0,"_bbp_reply_count":0,"_bbp_total_topic_count":0,"_bbp_total_reply_count":0,"_bbp_voice_count":0,"_bbp_anonymous_reply_count":0,"_bbp_topic_count_hidden":0,"_bbp_reply_count_hidden":0,"_bbp_forum_subforum_count":0,"footnotes":""},"categories":[8,3,1],"tags":[113,114],"class_list":["post-1103","post","type-post","status-publish","format-standard","hentry","category-batxillerat","category-eso","category-general","tag-biblioteca","tag-lectura"],"post_mailing_queue_ids":[],"_links":{"self":[{"href":"https:\/\/agora.xtec.cat\/ieslajonquera\/wp-json\/wp\/v2\/posts\/1103","targetHints":{"allow":["GET"]}}],"collection":[{"href":"https:\/\/agora.xtec.cat\/ieslajonquera\/wp-json\/wp\/v2\/posts"}],"about":[{"href":"https:\/\/agora.xtec.cat\/ieslajonquera\/wp-json\/wp\/v2\/types\/post"}],"author":[{"embeddable":true,"href":"https:\/\/agora.xtec.cat\/ieslajonquera\/wp-json\/wp\/v2\/users\/3"}],"replies":[{"embeddable":true,"href":"https:\/\/agora.xtec.cat\/ieslajonquera\/wp-json\/wp\/v2\/comments?post=1103"}],"version-history":[{"count":4,"href":"https:\/\/agora.xtec.cat\/ieslajonquera\/wp-json\/wp\/v2\/posts\/1103\/revisions"}],"predecessor-version":[{"id":1120,"href":"https:\/\/agora.xtec.cat\/ieslajonquera\/wp-json\/wp\/v2\/posts\/1103\/revisions\/1120"}],"wp:attachment":[{"href":"https:\/\/agora.xtec.cat\/ieslajonquera\/wp-json\/wp\/v2\/media?parent=1103"}],"wp:term":[{"taxonomy":"category","embeddable":true,"href":"https:\/\/agora.xtec.cat\/ieslajonquera\/wp-json\/wp\/v2\/categories?post=1103"},{"taxonomy":"post_tag","embeddable":true,"href":"https:\/\/agora.xtec.cat\/ieslajonquera\/wp-json\/wp\/v2\/tags?post=1103"}],"curies":[{"name":"wp","href":"https:\/\/api.w.org\/{rel}","templated":true}]}}