{"id":109,"date":"2014-09-18T16:42:56","date_gmt":"2014-09-18T16:42:56","guid":{"rendered":"http:\/\/agora.xtec.cat\/ieslajonquera\/?p=109"},"modified":"2019-06-08T23:46:19","modified_gmt":"2019-06-08T21:46:19","slug":"noticia-1","status":"publish","type":"post","link":"https:\/\/agora.xtec.cat\/ieslajonquera\/general\/noticia-1\/","title":{"rendered":"L&#8217;alumna Lia Bonaterra, primer premi de Girona al concurs de la Coca-Cola"},"content":{"rendered":"<div><a href=\"https:\/\/agora.xtec.cat\/ieslajonquera\/wp-content\/uploads\/usu2014\/2014\/09\/Lia-2.jpg\"><img loading=\"lazy\" decoding=\"async\" class=\"size-full wp-image-699 aligncenter\" src=\"https:\/\/agora.xtec.cat\/ieslajonquera\/wp-content\/uploads\/usu2014\/2014\/09\/Lia-2.jpg\" alt=\"\" width=\"319\" height=\"239\" \/><\/a> <a href=\"https:\/\/agora.xtec.cat\/ieslajonquera\/wp-content\/uploads\/usu2014\/2014\/09\/finalista.jpg\"><img loading=\"lazy\" decoding=\"async\" class=\"wp-image-700 size-medium aligncenter\" src=\"https:\/\/agora.xtec.cat\/ieslajonquera\/wp-content\/uploads\/usu2014\/2014\/09\/finalista-300x169.jpg\" alt=\"\" width=\"300\" height=\"169\" \/><\/a> <a href=\"https:\/\/agora.xtec.cat\/ieslajonquera\/wp-content\/uploads\/usu2014\/2014\/09\/jove-talent.jpg\"><img loading=\"lazy\" decoding=\"async\" class=\"alignnone wp-image-701 size-thumbnail\" src=\"https:\/\/agora.xtec.cat\/ieslajonquera\/wp-content\/uploads\/usu2014\/2014\/09\/jove-talent-150x150.jpg\" alt=\"\" width=\"150\" height=\"150\" \/><\/a>El passat dissabte 25 de maig, l&#8217;alumna de 2nB d&#8217;ESO Lia Bonaterra Dom\u00ednguez va guanyar el primer premi de la prov\u00edncia de Girona a la 59a edici\u00f3 del concurs de relat curt de Coca-Cola en la modalitat de castell\u00e0. La cerim\u00f2nia de lliurament de premis va tenir lloc al Gran Teatre de la Xina de PortAventura i l&#8217;alumna, que havia participat juntament amb 2800 alumnes de tota Catalunya,\u00a0 va estar molt a prop d&#8217;esdevenir la guanyadora de Catalunya i competir pel premi estatal.<\/div>\n<div><\/div>\n<div>El premi ha consistit en una invitaci\u00f3 a gaudir de les atraccions del parc PortAventura amb la seva fam\u00edlia i amistats, una c\u00e0mera de fotos avan\u00e7ada i una motxilla amb material escolar. El centre ha estat premiat amb un projector LED recollit pel seu professor de Castell\u00e0, Maciej Stepie\u00f1.<\/div>\n<div><\/div>\n<div>El relat breu de la Lia \u00e9s una reflexi\u00f3 en prosa po\u00e8tica sobre el pas del temps a partir d&#8217;un objecte inspirador, un rellotge de sorra.<\/div>\n<div><\/div>\n<div>\u00c9s la segona vegada que una de les nostres alumnes \u00e9s premiada en aquest certamen amb quasi 60 anys de tradici\u00f3.<\/div>\n","protected":false},"excerpt":{"rendered":"<p><a href=\"https:\/\/agora.xtec.cat\/ieslajonquera\/wp-content\/uploads\/usu2014\/2014\/09\/Lia-2.jpg\"><\/a> <a href=\"https:\/\/agora.xtec.cat\/ieslajonquera\/wp-content\/uploads\/usu2014\/2014\/09\/finalista.jpg\"><\/a> <a href=\"https:\/\/agora.xtec.cat\/ieslajonquera\/wp-content\/uploads\/usu2014\/2014\/09\/jove-talent.jpg\"><\/a>El passat dissabte 25 de maig, l&#8217;alumna de 2nB d&#8217;ESO Lia Bonaterra Dom\u00ednguez va guanyar el primer premi de la prov\u00edncia de Girona a la 59a edici\u00f3 del concurs de relat curt de Coca-Cola en la modalitat de castell\u00e0. La&hellip;  <a href=\"https:\/\/agora.xtec.cat\/ieslajonquera\/general\/noticia-1\/\" title=\"Read L&#8217;alumna Lia Bonaterra, primer premi de Girona al concurs de la Coca-Cola\">Llegeix m\u00e9s\u00bb<\/a><\/p>\n","protected":false},"author":1,"featured_media":0,"comment_status":"closed","ping_status":"closed","sticky":false,"template":"","format":"standard","meta":{"_bbp_topic_count":0,"_bbp_reply_count":0,"_bbp_total_topic_count":0,"_bbp_total_reply_count":0,"_bbp_voice_count":0,"_bbp_anonymous_reply_count":0,"_bbp_topic_count_hidden":0,"_bbp_reply_count_hidden":0,"_bbp_forum_subforum_count":0,"footnotes":""},"categories":[5,3,1],"tags":[106,57],"class_list":["post-109","post","type-post","status-publish","format-standard","hentry","category-eso-2","category-eso","category-general","tag-concurs","tag-expressio-escrita"],"post_mailing_queue_ids":[],"_links":{"self":[{"href":"https:\/\/agora.xtec.cat\/ieslajonquera\/wp-json\/wp\/v2\/posts\/109","targetHints":{"allow":["GET"]}}],"collection":[{"href":"https:\/\/agora.xtec.cat\/ieslajonquera\/wp-json\/wp\/v2\/posts"}],"about":[{"href":"https:\/\/agora.xtec.cat\/ieslajonquera\/wp-json\/wp\/v2\/types\/post"}],"author":[{"embeddable":true,"href":"https:\/\/agora.xtec.cat\/ieslajonquera\/wp-json\/wp\/v2\/users\/1"}],"replies":[{"embeddable":true,"href":"https:\/\/agora.xtec.cat\/ieslajonquera\/wp-json\/wp\/v2\/comments?post=109"}],"version-history":[{"count":3,"href":"https:\/\/agora.xtec.cat\/ieslajonquera\/wp-json\/wp\/v2\/posts\/109\/revisions"}],"predecessor-version":[{"id":711,"href":"https:\/\/agora.xtec.cat\/ieslajonquera\/wp-json\/wp\/v2\/posts\/109\/revisions\/711"}],"wp:attachment":[{"href":"https:\/\/agora.xtec.cat\/ieslajonquera\/wp-json\/wp\/v2\/media?parent=109"}],"wp:term":[{"taxonomy":"category","embeddable":true,"href":"https:\/\/agora.xtec.cat\/ieslajonquera\/wp-json\/wp\/v2\/categories?post=109"},{"taxonomy":"post_tag","embeddable":true,"href":"https:\/\/agora.xtec.cat\/ieslajonquera\/wp-json\/wp\/v2\/tags?post=109"}],"curies":[{"name":"wp","href":"https:\/\/api.w.org\/{rel}","templated":true}]}}