{"id":1084,"date":"2019-09-13T22:28:43","date_gmt":"2019-09-13T20:28:43","guid":{"rendered":"https:\/\/agora.xtec.cat\/ieslajonquera\/?p=1084"},"modified":"2019-09-14T23:31:10","modified_gmt":"2019-09-14T21:31:10","slug":"ja-tenim-instagram","status":"publish","type":"post","link":"https:\/\/agora.xtec.cat\/ieslajonquera\/general\/ja-tenim-instagram\/","title":{"rendered":"Ja tenim Instagram!"},"content":{"rendered":"<p>A partir d&#8217;ara no nom\u00e9s ens trobar\u00e0s al Facebook i al Twitter, tamb\u00e9 ens trobar\u00e0s a <a href=\"https:\/\/www.instagram.com\/inslajonquera\/\">Instagram<\/a>. Segueix-nos!<\/p>\n<p style=\"text-align: center;\"><a href=\"https:\/\/agora.xtec.cat\/ieslajonquera\/wp-content\/uploads\/usu2014\/2019\/09\/Instagram-2.jpg\"><img loading=\"lazy\" decoding=\"async\" class=\"alignnone wp-image-1085 size-medium\" src=\"https:\/\/agora.xtec.cat\/ieslajonquera\/wp-content\/uploads\/usu2014\/2019\/09\/Instagram-2-300x297.jpg\" alt=\"\" width=\"300\" height=\"297\" \/><\/a><\/p>\n","protected":false},"excerpt":{"rendered":"<p>A partir d&#8217;ara no nom\u00e9s ens trobar\u00e0s al Facebook i al Twitter, tamb\u00e9 ens trobar\u00e0s a <a href=\"https:\/\/www.instagram.com\/inslajonquera\/\">Instagram<\/a>. Segueix-nos!<br \/>\n<a href=\"https:\/\/agora.xtec.cat\/ieslajonquera\/wp-content\/uploads\/usu2014\/2019\/09\/Instagram-2.jpg\"><\/a><\/p>\n","protected":false},"author":3,"featured_media":1085,"comment_status":"open","ping_status":"closed","sticky":false,"template":"","format":"standard","meta":{"_bbp_topic_count":0,"_bbp_reply_count":0,"_bbp_total_topic_count":0,"_bbp_total_reply_count":0,"_bbp_voice_count":0,"_bbp_anonymous_reply_count":0,"_bbp_topic_count_hidden":0,"_bbp_reply_count_hidden":0,"_bbp_forum_subforum_count":0,"footnotes":""},"categories":[1],"tags":[115],"class_list":["post-1084","post","type-post","status-publish","format-standard","has-post-thumbnail","hentry","category-general","tag-xarxes-socials"],"post_mailing_queue_ids":[],"_links":{"self":[{"href":"https:\/\/agora.xtec.cat\/ieslajonquera\/wp-json\/wp\/v2\/posts\/1084","targetHints":{"allow":["GET"]}}],"collection":[{"href":"https:\/\/agora.xtec.cat\/ieslajonquera\/wp-json\/wp\/v2\/posts"}],"about":[{"href":"https:\/\/agora.xtec.cat\/ieslajonquera\/wp-json\/wp\/v2\/types\/post"}],"author":[{"embeddable":true,"href":"https:\/\/agora.xtec.cat\/ieslajonquera\/wp-json\/wp\/v2\/users\/3"}],"replies":[{"embeddable":true,"href":"https:\/\/agora.xtec.cat\/ieslajonquera\/wp-json\/wp\/v2\/comments?post=1084"}],"version-history":[{"count":3,"href":"https:\/\/agora.xtec.cat\/ieslajonquera\/wp-json\/wp\/v2\/posts\/1084\/revisions"}],"predecessor-version":[{"id":1101,"href":"https:\/\/agora.xtec.cat\/ieslajonquera\/wp-json\/wp\/v2\/posts\/1084\/revisions\/1101"}],"wp:featuredmedia":[{"embeddable":true,"href":"https:\/\/agora.xtec.cat\/ieslajonquera\/wp-json\/wp\/v2\/media\/1085"}],"wp:attachment":[{"href":"https:\/\/agora.xtec.cat\/ieslajonquera\/wp-json\/wp\/v2\/media?parent=1084"}],"wp:term":[{"taxonomy":"category","embeddable":true,"href":"https:\/\/agora.xtec.cat\/ieslajonquera\/wp-json\/wp\/v2\/categories?post=1084"},{"taxonomy":"post_tag","embeddable":true,"href":"https:\/\/agora.xtec.cat\/ieslajonquera\/wp-json\/wp\/v2\/tags?post=1084"}],"curies":[{"name":"wp","href":"https:\/\/api.w.org\/{rel}","templated":true}]}}