{"id":1020,"date":"2019-09-04T09:18:04","date_gmt":"2019-09-04T07:18:04","guid":{"rendered":"https:\/\/agora.xtec.cat\/ieslajonquera\/?p=1020"},"modified":"2019-09-04T09:18:04","modified_gmt":"2019-09-04T07:18:04","slug":"recollida-de-notes-de-la-recuperacio-de-1r-de-bat","status":"publish","type":"post","link":"https:\/\/agora.xtec.cat\/ieslajonquera\/general\/recollida-de-notes-de-la-recuperacio-de-1r-de-bat\/","title":{"rendered":"Recollida de notes de la recuperaci\u00f3 de 1r de BAT"},"content":{"rendered":"<p>Benvolgudes fam\u00edlies,<\/p>\n<p>Avui, <span style=\"text-decoration: underline;\">4 de setembre de 2019<\/span>, a partir de les 11 del mat\u00ed ja podreu passar a buscar els butlletins de l&#8217;avaluaci\u00f3 extraordin\u00e0ria de 1r de BAT que es va fer el passat dilluns.<\/p>\n<p style=\"text-align: center;\"><img loading=\"lazy\" decoding=\"async\" class=\"aligncenter \" src=\"https:\/\/akm-img-a-in.tosshub.com\/indiatoday\/images\/story\/201903\/calender-2389150_960_720_0.png?4AHauJRH773jbb8xAIhb8tqhY.tKVgN_\" width=\"263\" height=\"148\" \/><\/p>\n","protected":false},"excerpt":{"rendered":"<p>Benvolgudes fam\u00edlies,<br \/>\nAvui, 4 de setembre de 2019, a partir de les 11 del mat\u00ed ja podreu passar a buscar els butlletins de l&#8217;avaluaci\u00f3 extraordin\u00e0ria de 1r de BAT que es va fer el passat dilluns.<\/p>\n","protected":false},"author":1,"featured_media":1021,"comment_status":"open","ping_status":"closed","sticky":false,"template":"","format":"standard","meta":{"_bbp_topic_count":0,"_bbp_reply_count":0,"_bbp_total_topic_count":0,"_bbp_total_reply_count":0,"_bbp_voice_count":0,"_bbp_anonymous_reply_count":0,"_bbp_topic_count_hidden":0,"_bbp_reply_count_hidden":0,"_bbp_forum_subforum_count":0,"footnotes":""},"categories":[8,1],"tags":[],"class_list":["post-1020","post","type-post","status-publish","format-standard","has-post-thumbnail","hentry","category-batxillerat","category-general"],"post_mailing_queue_ids":[],"_links":{"self":[{"href":"https:\/\/agora.xtec.cat\/ieslajonquera\/wp-json\/wp\/v2\/posts\/1020","targetHints":{"allow":["GET"]}}],"collection":[{"href":"https:\/\/agora.xtec.cat\/ieslajonquera\/wp-json\/wp\/v2\/posts"}],"about":[{"href":"https:\/\/agora.xtec.cat\/ieslajonquera\/wp-json\/wp\/v2\/types\/post"}],"author":[{"embeddable":true,"href":"https:\/\/agora.xtec.cat\/ieslajonquera\/wp-json\/wp\/v2\/users\/1"}],"replies":[{"embeddable":true,"href":"https:\/\/agora.xtec.cat\/ieslajonquera\/wp-json\/wp\/v2\/comments?post=1020"}],"version-history":[{"count":1,"href":"https:\/\/agora.xtec.cat\/ieslajonquera\/wp-json\/wp\/v2\/posts\/1020\/revisions"}],"predecessor-version":[{"id":1022,"href":"https:\/\/agora.xtec.cat\/ieslajonquera\/wp-json\/wp\/v2\/posts\/1020\/revisions\/1022"}],"wp:featuredmedia":[{"embeddable":true,"href":"https:\/\/agora.xtec.cat\/ieslajonquera\/wp-json\/wp\/v2\/media\/1021"}],"wp:attachment":[{"href":"https:\/\/agora.xtec.cat\/ieslajonquera\/wp-json\/wp\/v2\/media?parent=1020"}],"wp:term":[{"taxonomy":"category","embeddable":true,"href":"https:\/\/agora.xtec.cat\/ieslajonquera\/wp-json\/wp\/v2\/categories?post=1020"},{"taxonomy":"post_tag","embeddable":true,"href":"https:\/\/agora.xtec.cat\/ieslajonquera\/wp-json\/wp\/v2\/tags?post=1020"}],"curies":[{"name":"wp","href":"https:\/\/api.w.org\/{rel}","templated":true}]}}